{"id":48671,"date":"2008-07-14T13:16:28","date_gmt":"2008-07-14T11:16:28","guid":{"rendered":"https:\/\/mediarun.com\/index.php\/news-posts\/tvn-warszawa-ruszy-w-pazdzierniku\/"},"modified":"2008-07-14T13:16:28","modified_gmt":"2008-07-14T11:16:28","slug":"tvn-warszawa-ruszy-w-pazdzierniku","status":"publish","type":"post","link":"https:\/\/mediarun.com\/pl\/media\/tv\/tvn-warszawa-ruszy-w-pazdzierniku.html","title":{"rendered":"TVN Warszawa ruszy w pa\u017adzierniku?"},"content":{"rendered":"<p>Serwis powo\u0142uje si\u0119 na wypowied\u017a Olgierda Dobrzy\u0144skiego, cz\u0142onka zarz\u0105du TVN. O pracach nad kana\u0142em wiadomo ju\u017c od 2007 roku, jednak\u017ce data jego startu by\u0142a ci\u0105gle przek\u0142adana.<\/p>\n<p>TVN Warszawa ma na starcie znale\u017a\u0107 si\u0119 w ofercie sieci kablowych Aster i UPC, co powinno da\u0107 kana\u0142owi dost\u0119p do 430 tys. potencjalnych odbiorc&oacute;w w stolicy. Kana\u0142 ma r&oacute;wnie\u017c znale\u017a\u0107 si\u0119 w ofercie mniejszych dostawc&oacute;w.<\/p>\n<p>TVN Warszawa ma by\u0107 konkurencj\u0105 dla lokalnego oddzia\u0142u TVP3 i w za\u0142o\u017ceniach b\u0119dzie kana\u0142em informacyjnym podobnym do TVN24, jednak\u017ce z wi\u0119kszym nastawieniem na rozrywk\u0119 i porady. Wed\u0142ug biznesplanu inwestycja w stacj\u0119 zwr&oacute;ci si\u0119 po dw&oacute;ch latach.<\/p>\n<p>&nbsp;<\/p>\n","protected":false},"excerpt":{"rendered":"Nowy kana\u0142 TVN ma ruszy\u0107 w pa\u017adzierniku lub listopadzie &#8211; podaje Presserwis.","protected":false},"author":1,"featured_media":48672,"comment_status":"open","ping_status":"closed","sticky":false,"template":"","format":"standard","meta":{"csco_display_header_overlay":false,"csco_singular_sidebar":"","csco_page_header_type":"","csco_page_load_nextpost":"","csco_post_video_location":[],"csco_post_video_location_hash":"","csco_post_video_url":"","csco_post_video_bg_start_time":0,"csco_post_video_bg_end_time":0,"footnotes":""},"categories":[9670],"tags":[1513,98,309],"class_list":{"0":"post-48671","1":"post","2":"type-post","3":"status-publish","4":"format-standard","5":"has-post-thumbnail","7":"category-tv","8":"tag-aster","9":"tag-tvn","10":"tag-upc","11":"cs-entry","12":"cs-video-wrap"},"_links":{"self":[{"href":"https:\/\/mediarun.com\/pl\/wp-json\/wp\/v2\/posts\/48671","targetHints":{"allow":["GET"]}}],"collection":[{"href":"https:\/\/mediarun.com\/pl\/wp-json\/wp\/v2\/posts"}],"about":[{"href":"https:\/\/mediarun.com\/pl\/wp-json\/wp\/v2\/types\/post"}],"author":[{"embeddable":true,"href":"https:\/\/mediarun.com\/pl\/wp-json\/wp\/v2\/users\/1"}],"replies":[{"embeddable":true,"href":"https:\/\/mediarun.com\/pl\/wp-json\/wp\/v2\/comments?post=48671"}],"version-history":[{"count":0,"href":"https:\/\/mediarun.com\/pl\/wp-json\/wp\/v2\/posts\/48671\/revisions"}],"wp:featuredmedia":[{"embeddable":true,"href":"https:\/\/mediarun.com\/pl\/wp-json\/wp\/v2\/media\/48672"}],"wp:attachment":[{"href":"https:\/\/mediarun.com\/pl\/wp-json\/wp\/v2\/media?parent=48671"}],"wp:term":[{"taxonomy":"category","embeddable":true,"href":"https:\/\/mediarun.com\/pl\/wp-json\/wp\/v2\/categories?post=48671"},{"taxonomy":"post_tag","embeddable":true,"href":"https:\/\/mediarun.com\/pl\/wp-json\/wp\/v2\/tags?post=48671"}],"curies":[{"name":"wp","href":"https:\/\/api.w.org\/{rel}","templated":true}]}}