{"id":48623,"date":"2008-07-15T11:40:49","date_gmt":"2008-07-15T09:40:49","guid":{"rendered":"https:\/\/mediarun.com\/index.php\/news-posts\/gp-agora-chce-przejac-akcje-superstacji\/"},"modified":"2008-07-15T11:40:49","modified_gmt":"2008-07-15T09:40:49","slug":"gp-agora-chce-przejac-akcje-superstacji","status":"publish","type":"post","link":"https:\/\/mediarun.com\/pl\/media\/tv\/gp-agora-chce-przejac-akcje-superstacji.html","title":{"rendered":"GP: Agora chce przej\u0105\u0107 akcje Superstacji"},"content":{"rendered":"<p>Za udzia\u0142y mo\u017ce zap\u0142aci\u0107 oko\u0142o 30 mln z\u0142otych &#8211; informuje wtorkowa Gazeta Prawna.<\/p>\n<p>Na pocz\u0105tku wydawca Gazety Wyborczej chce kupi\u0107 33 proc. udzia\u0142&oacute;w &#8211; cz\u0119\u015b\u0107 od za\u0142o\u017cyciela i wsp&oacute;\u0142w\u0142a\u015bciciela kana\u0142u Ryszarda Krajewskiego, cz\u0119\u015b\u0107 od sp&oacute;\u0142ki Ster zwi\u0105zanej z Zygmuntem Solorzem.<\/p>\n<p>GP twierdzi, \u017ce do podpisania umowy mo\u017ce doj\u015b\u0107 w ci\u0105gu miesi\u0105ca. Akacjami Superstacji s\u0105 zainteresowani tak\u017ce Axel Springer Polska i przedstawiciele Rinata Achmetowa, w\u0142a\u015bciciela jednej z ukrai\u0144skich stacji telewizyjnych.<\/p>\n<p>Dziennik przypomina, \u017ce Superstacja ruszy\u0142a we wrze\u015bniu 2006 r. Dost\u0119pna jest w ofercie operator&oacute;w kablowych i satelitarnych.<\/p>\n<p>Wi\u0119cej na <a href=\"http:\/\/http:\/\/www.gazeta.pl\/\">http:\/\/www.gazeta.pl\/<\/a><\/p>\n","protected":false},"excerpt":{"rendered":"Agorze zale\u017cy na przej\u0119ciu pakietu akcji kana\u0142u informacyjno-rozrywkowego Superstacja.","protected":false},"author":1,"featured_media":48624,"comment_status":"open","ping_status":"closed","sticky":false,"template":"","format":"standard","meta":{"csco_display_header_overlay":false,"csco_singular_sidebar":"","csco_page_header_type":"","csco_page_load_nextpost":"","csco_post_video_location":[],"csco_post_video_location_hash":"","csco_post_video_url":"","csco_post_video_bg_start_time":0,"csco_post_video_bg_end_time":0,"footnotes":""},"categories":[9670],"tags":[214],"class_list":{"0":"post-48623","1":"post","2":"type-post","3":"status-publish","4":"format-standard","5":"has-post-thumbnail","7":"category-tv","8":"tag-agora","9":"cs-entry","10":"cs-video-wrap"},"_links":{"self":[{"href":"https:\/\/mediarun.com\/pl\/wp-json\/wp\/v2\/posts\/48623","targetHints":{"allow":["GET"]}}],"collection":[{"href":"https:\/\/mediarun.com\/pl\/wp-json\/wp\/v2\/posts"}],"about":[{"href":"https:\/\/mediarun.com\/pl\/wp-json\/wp\/v2\/types\/post"}],"author":[{"embeddable":true,"href":"https:\/\/mediarun.com\/pl\/wp-json\/wp\/v2\/users\/1"}],"replies":[{"embeddable":true,"href":"https:\/\/mediarun.com\/pl\/wp-json\/wp\/v2\/comments?post=48623"}],"version-history":[{"count":0,"href":"https:\/\/mediarun.com\/pl\/wp-json\/wp\/v2\/posts\/48623\/revisions"}],"wp:featuredmedia":[{"embeddable":true,"href":"https:\/\/mediarun.com\/pl\/wp-json\/wp\/v2\/media\/48624"}],"wp:attachment":[{"href":"https:\/\/mediarun.com\/pl\/wp-json\/wp\/v2\/media?parent=48623"}],"wp:term":[{"taxonomy":"category","embeddable":true,"href":"https:\/\/mediarun.com\/pl\/wp-json\/wp\/v2\/categories?post=48623"},{"taxonomy":"post_tag","embeddable":true,"href":"https:\/\/mediarun.com\/pl\/wp-json\/wp\/v2\/tags?post=48623"}],"curies":[{"name":"wp","href":"https:\/\/api.w.org\/{rel}","templated":true}]}}