{"id":48515,"date":"2008-07-17T12:20:42","date_gmt":"2008-07-17T10:20:42","guid":{"rendered":"https:\/\/mediarun.com\/index.php\/news-posts\/tv-puls-zwalnia-i-tnie-koszty\/"},"modified":"2008-07-17T12:20:42","modified_gmt":"2008-07-17T10:20:42","slug":"tv-puls-zwalnia-i-tnie-koszty","status":"publish","type":"post","link":"https:\/\/mediarun.com\/pl\/media\/tv\/tv-puls-zwalnia-i-tnie-koszty.html","title":{"rendered":"TV Puls zwalnia i tnie koszty"},"content":{"rendered":"<p>Zesp&oacute;\u0142 stacji nale\u017c\u0105cej do o.o. franciszkan&oacute;w i News Corp. &#8211; medialnego imperium Ruperta Murdocha &#8211; przygotowa\u0142 wczoraj ostatni wieczorny program informacyjny. Pracownicy wczesnym popo\u0142udniem zostali poinformowani, \u017ce stacja od dzi\u015b przestaje nadawa\u0107 programy informacyjne, pokazywane na \u017cywo i szykuje si\u0119 do du\u017cych zwolnie\u0144.<\/p>\n<p>Jeden z dziennikarzy opowiada, \u017ce nie by\u0142o \u017cadnych zwiastun&oacute;w takiej decyzji. Stacja na niczym nie oszcz\u0119dza\u0142a. Reporterzy je\u017adzili po ca\u0142ym \u015bwiecie. Jeszcze kilka tygodni temu przyjmowano nowych pracownik&oacute;w. Nikt si\u0119 nie spodziewa\u0142, \u017ce z dnia na dzie\u0144 dzia\u0142 news&oacute;w mo\u017ce zosta\u0107 zamkni\u0119ty.<\/p>\n<p>&#8211; W firmie zapanowa\u0142a grobowa atmosfera, kilka dziewczyn si\u0119 pop\u0142aka\u0142o &#8211; opowiada nasz rozm&oacute;wca. &#8211; To przecie\u017c jest m\u0142ody zesp&oacute;\u0142, ludzie mieli plany na przysz\u0142o\u015b\u0107, brali kredyty.<\/p>\n<p>Dariusz D\u0105bski, prezes i udzia\u0142owiec TV Puls, t\u0142umaczy\u0142 Rz., \u017ce decyzja o likwidacji dzia\u0142u news&oacute;w nie jest emocjonalna, tylko biznesowa. &#8211; Jest mi przykro, \u017ce mamy tak\u0105 sytuacj\u0119 &#8211; m&oacute;wi D\u0105bski. &#8211; Ale rada nadzorcza zadecydowa\u0142a, \u017ce lepiej b\u0119dzie, je\u015bli strategia firmy si\u0119 zmieni, a sp&oacute;\u0142ka ograniczy koszty.<\/p>\n<p>D\u0105bski doda\u0142, \u017ce ma du\u017co uznania dla pracy dziennikarzy z zamykanego dzia\u0142u i dla Amelii \u0141ukasiak, dyrektor program&oacute;w informacyjnych, kt&oacute;ra skompletowa\u0142a ca\u0142y zesp&oacute;\u0142.<\/p>\n<p>O zmianach, wed\u0142ug nieoficjalnych informacji, zdecydowa\u0142 udzia\u0142owiec ameryka\u0144ski. Z informacji Rz. wynika, \u017ce prac\u0119 mo\u017ce straci\u0107 wi\u0119kszo\u015b\u0107 os&oacute;b, kt&oacute;re pracowa\u0142y przy programach informacyjnych.<\/p>\n<p>&#8211; Niestety tak si\u0119 stanie &#8211; potwierdza D\u0105bski. &#8211; Dwie trzecie naszych pracownik&oacute;w jest zwi\u0105zanych z przygotowaniem program&oacute;w informacyjnych nadawanych na \u017cywo. W firmie pracuje ok. 300 os&oacute;b, po redukcji zatrudnienia mo\u017ce zosta\u0107 nawet mniej ni\u017c 150 pracownik&oacute;w. Takie stacje jak nasza, kt&oacute;re nie nadaj\u0105 news&oacute;w, zatrudniaj\u0105 po 80-100 os&oacute;b.<\/p>\n<p>Doinwestowana przez Amerykan&oacute;w stacja stara\u0142a si\u0119 do tej pory podkre\u015bla\u0107 swoj\u0105 obecno\u015b\u0107 na rynku. Skutecznie walczy\u0142a niedawno o zwi\u0119kszenie swojego naziemnego zasi\u0119gu. Na ubieg\u0142otygodniowym spotkaniu w sprawie cyfryzacji telewizji naziemnej Robert Kroplewski, prawnik zatrudniony w TV Puls, og\u0142osi\u0142 nawet, \u017ce telewizja przygotowuje si\u0119 do uruchomienia nowych kana\u0142&oacute;w &#8211; informacyjnego oraz tematycznej stacji nadawanej w wysokiej rozdzielczo\u015bci. Ale obecni pracownicy nie zostan\u0105 tam zatrudnieni.<\/p>\n<p>&#8211; Nie planujemy, by osoby zatrudnione w TV Puls przenosi\u0107 do kana\u0142u informacyjnego &#8211; przyznaje prezes.<\/p>\n<p>Puls zamierza teraz k\u0142a\u015b\u0107 wi\u0119kszy nacisk na programy rozrywkowe i rodzinne.<\/p>\n<p>&#8211; W ram&oacute;wce pozostan\u0105 te\u017c programy publicystyczne, kt&oacute;re b\u0119dziemy rozwija\u0107, mamy wymogi koncesyjne i chcemy, \u017ceby program by\u0142 atrakcyjny &#8211; m&oacute;wi D\u0105bski.<\/p>\n<p>Ameryka\u0144ski udzia\u0142owiec pojawi\u0142 si\u0119 w nale\u017c\u0105cej do o.o. franciszkan&oacute;w TV Puls w czerwcu 2006 r. Stacja zacz\u0119\u0142a si\u0119 wtedy rozrasta\u0107. Na pocz\u0105tku tego roku Krajowa Rada Radiofonii i Telewizji przydzieli\u0142a Pulsowi nowe wolne nadajniki, m.in. we Wroc\u0142awiu i Szczecinie.<\/p>\n<p>Wi\u0119cej na <a href=\"http:\/\/http:\/\/www.rzeczpospolita.pl\/\">http:\/\/www.rzeczpospolita.pl\/<\/a><\/p>\n","protected":false},"excerpt":{"rendered":"&#8211; Dzi\u0119kujemy za ponad p&oacute;\u0142 tysi\u0105ca wyda\u0144 &#8222;Puls Raportu&#8221; &#8211; tak prowadz\u0105cy program po\u017cegnali si\u0119 z widzami. Prac\u0119 straci ponad 150 os&oacute;b.","protected":false},"author":1,"featured_media":48516,"comment_status":"open","ping_status":"closed","sticky":false,"template":"","format":"standard","meta":{"csco_display_header_overlay":false,"csco_singular_sidebar":"","csco_page_header_type":"","csco_page_load_nextpost":"","csco_post_video_location":[],"csco_post_video_location_hash":"","csco_post_video_url":"","csco_post_video_bg_start_time":0,"csco_post_video_bg_end_time":0,"footnotes":""},"categories":[9670],"tags":[461],"class_list":{"0":"post-48515","1":"post","2":"type-post","3":"status-publish","4":"format-standard","5":"has-post-thumbnail","7":"category-tv","8":"tag-tv-puls","9":"cs-entry","10":"cs-video-wrap"},"_links":{"self":[{"href":"https:\/\/mediarun.com\/pl\/wp-json\/wp\/v2\/posts\/48515","targetHints":{"allow":["GET"]}}],"collection":[{"href":"https:\/\/mediarun.com\/pl\/wp-json\/wp\/v2\/posts"}],"about":[{"href":"https:\/\/mediarun.com\/pl\/wp-json\/wp\/v2\/types\/post"}],"author":[{"embeddable":true,"href":"https:\/\/mediarun.com\/pl\/wp-json\/wp\/v2\/users\/1"}],"replies":[{"embeddable":true,"href":"https:\/\/mediarun.com\/pl\/wp-json\/wp\/v2\/comments?post=48515"}],"version-history":[{"count":0,"href":"https:\/\/mediarun.com\/pl\/wp-json\/wp\/v2\/posts\/48515\/revisions"}],"wp:featuredmedia":[{"embeddable":true,"href":"https:\/\/mediarun.com\/pl\/wp-json\/wp\/v2\/media\/48516"}],"wp:attachment":[{"href":"https:\/\/mediarun.com\/pl\/wp-json\/wp\/v2\/media?parent=48515"}],"wp:term":[{"taxonomy":"category","embeddable":true,"href":"https:\/\/mediarun.com\/pl\/wp-json\/wp\/v2\/categories?post=48515"},{"taxonomy":"post_tag","embeddable":true,"href":"https:\/\/mediarun.com\/pl\/wp-json\/wp\/v2\/tags?post=48515"}],"curies":[{"name":"wp","href":"https:\/\/api.w.org\/{rel}","templated":true}]}}