{"id":48475,"date":"2008-07-18T12:10:04","date_gmt":"2008-07-18T10:10:04","guid":{"rendered":"https:\/\/mediarun.com\/index.php\/news-posts\/woda-to-zycie-akcja-dziennika-i-wff\/"},"modified":"2008-07-18T12:10:04","modified_gmt":"2008-07-18T10:10:04","slug":"woda-to-zycie-akcja-dziennika-i-wff","status":"publish","type":"post","link":"https:\/\/mediarun.com\/pl\/media\/prasa\/woda-to-zycie-akcja-dziennika-i-wff.html","title":{"rendered":"Woda to \u017cycie &#8211; akcja Dziennika i WFF"},"content":{"rendered":"<p>Od poniedzia\u0142ku na \u0142amach Dziennika poruszany b\u0119dzie temat naturalnych zasob&oacute;w wody w r&oacute;\u017cnych aspektach.<\/p>\n<p>&#8222;Woda to \u017cycie&#8221; to kolejna z akcji spo\u0142ecznych Dziennika dotykaj\u0105cych istotnych problem&oacute;w sfery ekologicznej. Czytelnicy dowiedz\u0105 si\u0119 o tym, jak jako\u015b\u0107 wody wp\u0142ywa na ich zdrowie. Przedstawiony zostanie stan polskich k\u0105pielisk, a tak\u017ce czysto\u015b\u0107 wody. Mowa b\u0119dzie r&oacute;wnie\u017c o tym, jak &#8222;nie la\u0107 wody&#8221;, czyli jak oszcz\u0119dza\u0107 wod\u0119 i nie dopu\u015bci\u0107 do jej deficytu. Dziennik zaprosi\u0142 do wsp&oacute;\u0142pracy ekspert&oacute;w, kt&oacute;rzy&nbsp; odpowiedzieli m.in. na pytania: czy Polsce grozi susza oraz czy ryby \u0142owione w polskich rzekach s\u0105 zdrowe.<\/p>\n<p>Akcja Dziennika ma na celu podkre\u015blenie wagi problem&oacute;w zwi\u0105zanych z ekologi\u0105 oraz wykreowanie w\u0142a\u015bciwych proekologicznych zachowa\u0144.<\/p>\n<p>Partnerem akcji jest Fundacja WWF.<\/p>\n","protected":false},"excerpt":{"rendered":"21 lipca Dziennik rozpoczyna akcj\u0119 redakcyjn\u0105 pod has\u0142em &#8222;Woda to \u017cycie&#8221;.","protected":false},"author":1,"featured_media":48476,"comment_status":"open","ping_status":"closed","sticky":false,"template":"","format":"standard","meta":{"csco_display_header_overlay":false,"csco_singular_sidebar":"","csco_page_header_type":"","csco_page_load_nextpost":"","csco_post_video_location":[],"csco_post_video_location_hash":"","csco_post_video_url":"","csco_post_video_bg_start_time":0,"csco_post_video_bg_end_time":0,"footnotes":""},"categories":[9673],"tags":[1879],"class_list":{"0":"post-48475","1":"post","2":"type-post","3":"status-publish","4":"format-standard","5":"has-post-thumbnail","7":"category-prasa","8":"tag-dziennik","9":"cs-entry","10":"cs-video-wrap"},"_links":{"self":[{"href":"https:\/\/mediarun.com\/pl\/wp-json\/wp\/v2\/posts\/48475","targetHints":{"allow":["GET"]}}],"collection":[{"href":"https:\/\/mediarun.com\/pl\/wp-json\/wp\/v2\/posts"}],"about":[{"href":"https:\/\/mediarun.com\/pl\/wp-json\/wp\/v2\/types\/post"}],"author":[{"embeddable":true,"href":"https:\/\/mediarun.com\/pl\/wp-json\/wp\/v2\/users\/1"}],"replies":[{"embeddable":true,"href":"https:\/\/mediarun.com\/pl\/wp-json\/wp\/v2\/comments?post=48475"}],"version-history":[{"count":0,"href":"https:\/\/mediarun.com\/pl\/wp-json\/wp\/v2\/posts\/48475\/revisions"}],"wp:featuredmedia":[{"embeddable":true,"href":"https:\/\/mediarun.com\/pl\/wp-json\/wp\/v2\/media\/48476"}],"wp:attachment":[{"href":"https:\/\/mediarun.com\/pl\/wp-json\/wp\/v2\/media?parent=48475"}],"wp:term":[{"taxonomy":"category","embeddable":true,"href":"https:\/\/mediarun.com\/pl\/wp-json\/wp\/v2\/categories?post=48475"},{"taxonomy":"post_tag","embeddable":true,"href":"https:\/\/mediarun.com\/pl\/wp-json\/wp\/v2\/tags?post=48475"}],"curies":[{"name":"wp","href":"https:\/\/api.w.org\/{rel}","templated":true}]}}