{"id":48397,"date":"2008-07-22T10:34:14","date_gmt":"2008-07-22T08:34:14","guid":{"rendered":"https:\/\/mediarun.com\/index.php\/news-posts\/zmiany-na-wakacje-w-radiu-zet\/"},"modified":"2008-07-22T10:34:14","modified_gmt":"2008-07-22T08:34:14","slug":"zmiany-na-wakacje-w-radiu-zet","status":"publish","type":"post","link":"https:\/\/mediarun.com\/pl\/media\/radio\/zmiany-na-wakacje-w-radiu-zet.html","title":{"rendered":"Zmiany na wakacje w Radiu Zet"},"content":{"rendered":"<p>Zamiast nich rano w &#8222;Dzie\u0144 dobry bardzo&#8221; b\u0119dzie mo\u017cna us\u0142ysze\u0107 Tomasza Florkiewicza, kt&oacute;ry wcze\u015bniej na antenie radia prowadzi\u0142 pasmo od godz. 9 do 14, a tak\u017ce sobotnie &#8222;Wakacje na Florydzie&#8221;.<\/p>\n<p>Do zespo\u0142u do\u0142\u0105czy\u0142a r&oacute;wnie\u017c Agnieszka Ko\u0142odziejska, kt&oacute;ra poprowadzi pasmo wieczorne od godz. 20 do 24. Ko\u0142odziejska pracowa\u0142a wcze\u015bniej m.in. w \u0142&oacute;dzkim oddziale radia Z\u0142ote Przeboje, a tak\u017ce w Radiu Classic.<\/p>\n","protected":false},"excerpt":{"rendered":"Prowadz\u0105cy poranne pasmo w Radiu Zet, Marek Starybrat i Jarek Budnik, wyje\u017cd\u017caj\u0105 na wakacje.","protected":false},"author":1,"featured_media":48398,"comment_status":"open","ping_status":"closed","sticky":false,"template":"","format":"standard","meta":{"csco_display_header_overlay":false,"csco_singular_sidebar":"","csco_page_header_type":"","csco_page_load_nextpost":"","csco_post_video_location":[],"csco_post_video_location_hash":"","csco_post_video_url":"","csco_post_video_bg_start_time":0,"csco_post_video_bg_end_time":0,"footnotes":""},"categories":[9672],"tags":[504],"class_list":{"0":"post-48397","1":"post","2":"type-post","3":"status-publish","4":"format-standard","5":"has-post-thumbnail","7":"category-radio","8":"tag-radio-zet","9":"cs-entry","10":"cs-video-wrap"},"_links":{"self":[{"href":"https:\/\/mediarun.com\/pl\/wp-json\/wp\/v2\/posts\/48397","targetHints":{"allow":["GET"]}}],"collection":[{"href":"https:\/\/mediarun.com\/pl\/wp-json\/wp\/v2\/posts"}],"about":[{"href":"https:\/\/mediarun.com\/pl\/wp-json\/wp\/v2\/types\/post"}],"author":[{"embeddable":true,"href":"https:\/\/mediarun.com\/pl\/wp-json\/wp\/v2\/users\/1"}],"replies":[{"embeddable":true,"href":"https:\/\/mediarun.com\/pl\/wp-json\/wp\/v2\/comments?post=48397"}],"version-history":[{"count":0,"href":"https:\/\/mediarun.com\/pl\/wp-json\/wp\/v2\/posts\/48397\/revisions"}],"wp:featuredmedia":[{"embeddable":true,"href":"https:\/\/mediarun.com\/pl\/wp-json\/wp\/v2\/media\/48398"}],"wp:attachment":[{"href":"https:\/\/mediarun.com\/pl\/wp-json\/wp\/v2\/media?parent=48397"}],"wp:term":[{"taxonomy":"category","embeddable":true,"href":"https:\/\/mediarun.com\/pl\/wp-json\/wp\/v2\/categories?post=48397"},{"taxonomy":"post_tag","embeddable":true,"href":"https:\/\/mediarun.com\/pl\/wp-json\/wp\/v2\/tags?post=48397"}],"curies":[{"name":"wp","href":"https:\/\/api.w.org\/{rel}","templated":true}]}}