{"id":48293,"date":"2008-07-24T10:09:50","date_gmt":"2008-07-24T08:09:50","guid":{"rendered":"https:\/\/mediarun.com\/index.php\/news-posts\/zielinski-w-mather-communications\/"},"modified":"2008-07-24T10:09:50","modified_gmt":"2008-07-24T08:09:50","slug":"zielinski-w-mather-communications","status":"publish","type":"post","link":"https:\/\/mediarun.com\/pl\/ludzie\/awanse\/zielinski-w-mather-communications.html","title":{"rendered":"Zieli\u0144ski w Mather Communications"},"content":{"rendered":"<p>Dotychczas Zieli\u0144ski zwi\u0105zany by\u0142 z agencj\u0105 TBWA, a od roku pracowa\u0142 jako copywriter w agencji Saatchi &amp; Saatchi. <\/p>\n<p>Do agencji Mather Communications przechodzi r&oacute;wnie\u017c Katarzyna Nowacka, kt&oacute;ra obejmie stanowisko senior art directora. Do jej zada\u0144 b\u0119dzie nale\u017ca\u0142o zapewnienie wsparcia dyrektorowi kreatywnemu i jego dw&oacute;m zast\u0119pcom &#8211; Ma\u0142gorzacie J&oacute;\u017awik i Robertowi Sitko.<\/p>\n","protected":false},"excerpt":{"rendered":"Tomasz Zieli\u0144ski zosta\u0142 nowym dyrektorem kreatywnym agencji Mather Communications i Soho Square.","protected":false},"author":1,"featured_media":48294,"comment_status":"open","ping_status":"closed","sticky":false,"template":"","format":"standard","meta":{"csco_display_header_overlay":false,"csco_singular_sidebar":"","csco_page_header_type":"","csco_page_load_nextpost":"","csco_post_video_location":[],"csco_post_video_location_hash":"","csco_post_video_url":"","csco_post_video_bg_start_time":0,"csco_post_video_bg_end_time":0,"footnotes":""},"categories":[9678],"tags":[1386],"class_list":{"0":"post-48293","1":"post","2":"type-post","3":"status-publish","4":"format-standard","5":"has-post-thumbnail","7":"category-awanse","8":"tag-mather-communications","9":"cs-entry","10":"cs-video-wrap"},"_links":{"self":[{"href":"https:\/\/mediarun.com\/pl\/wp-json\/wp\/v2\/posts\/48293","targetHints":{"allow":["GET"]}}],"collection":[{"href":"https:\/\/mediarun.com\/pl\/wp-json\/wp\/v2\/posts"}],"about":[{"href":"https:\/\/mediarun.com\/pl\/wp-json\/wp\/v2\/types\/post"}],"author":[{"embeddable":true,"href":"https:\/\/mediarun.com\/pl\/wp-json\/wp\/v2\/users\/1"}],"replies":[{"embeddable":true,"href":"https:\/\/mediarun.com\/pl\/wp-json\/wp\/v2\/comments?post=48293"}],"version-history":[{"count":0,"href":"https:\/\/mediarun.com\/pl\/wp-json\/wp\/v2\/posts\/48293\/revisions"}],"wp:featuredmedia":[{"embeddable":true,"href":"https:\/\/mediarun.com\/pl\/wp-json\/wp\/v2\/media\/48294"}],"wp:attachment":[{"href":"https:\/\/mediarun.com\/pl\/wp-json\/wp\/v2\/media?parent=48293"}],"wp:term":[{"taxonomy":"category","embeddable":true,"href":"https:\/\/mediarun.com\/pl\/wp-json\/wp\/v2\/categories?post=48293"},{"taxonomy":"post_tag","embeddable":true,"href":"https:\/\/mediarun.com\/pl\/wp-json\/wp\/v2\/tags?post=48293"}],"curies":[{"name":"wp","href":"https:\/\/api.w.org\/{rel}","templated":true}]}}