{"id":47333,"date":"2008-08-14T14:10:37","date_gmt":"2008-08-14T12:10:37","guid":{"rendered":"https:\/\/mediarun.com\/index.php\/news-posts\/solidarni-z-gruzja-koncert-w-tvp-i-trojce\/"},"modified":"2008-08-14T14:10:37","modified_gmt":"2008-08-14T12:10:37","slug":"solidarni-z-gruzja-koncert-w-tvp-i-trojce","status":"publish","type":"post","link":"https:\/\/mediarun.com\/pl\/media\/tv\/solidarni-z-gruzja-koncert-w-tvp-i-trojce.html","title":{"rendered":"&#8222;Solidarni z Gruzj\u0105&#8221; &#8211; koncert w TVP i Tr\u00f3jce"},"content":{"rendered":"<p>Koncert zosta\u0142 obj\u0119ty honorowym patronatem prezydenta RP Lecha Kaczy\u0144skiego. Odb\u0119dzie si\u0119 w Parku Wolno\u015bci Muzeum Powstania Warszawskiego, gdzie w maju 2007 r. prezydenci &#8211; Polski, Lech Kaczy\u0144ski oraz Gruzji, Michel Saakashwili ods\u0142onili pomnik ku czci gruzi\u0144skich oficer&oacute;w kontraktowych s\u0142u\u017c\u0105cych w Wojsku Polskim, kt&oacute;rzy oddali \u017cycie w Katyniu, Powstaniu Warszawskim i na frontach II wojny \u015bwiatowej. <\/p>\n<p>Koncert b\u0119dzie transmitowany przez TVP1 i TV Polonia (pocz\u0105tek o godz. 20.20) oraz przez radiow\u0105 Tr&oacute;jk\u0119. Wystapi\u0105 m.in. Perfect, IRA, Pogodno, De Press, Tilt, Komety, Sztywny Pal Azji i gruzi\u0144ska wokalistka Aida. Koncert poprowadz\u0105 Artur Orzech i Maciej Or\u0142o\u015b.<\/p>\n<p>TVP informuje o inicjatywach pomocy gruzi\u0144skim ofiarom wojny. Pomoc ta jest mo\u017cliwa m.in. poprzez wp\u0142aty na konta:<\/p>\n<p>Caritas Polska: 77 1160 2202 0000 0000 3436 4384; 70 1020 1913 0000 0102 0002 6526 (z dopiskiem Gruzja) oraz wysy\u0142anie SMS-&oacute;w 72 902 z dopiskiem &#8222;Pomagam&#8221; (koszt SMS-a: 2,44 z\u0142 z VAT) oraz Polskiej Akcji Humanitarnej: 04 1060 0076 0000 3310 0016 0600 (z dopiskiem Gruzja). Zebrane pieni\u0105dze przeznaczone b\u0119d\u0105 na ratowanie rannych oraz pomoc dla uchod\u017ac&oacute;w i mieszka\u0144c&oacute;w zniszczonych miast i wsi.<\/p>\n","protected":false},"excerpt":{"rendered":"14 sierpnia odb\u0119dzie si\u0119 koncert &#8222;Solidarni z Gruzj\u0105&#8221;, organizowany przez TVP i Muzeum Powstania Warszawskiego.","protected":false},"author":1,"featured_media":47334,"comment_status":"open","ping_status":"closed","sticky":false,"template":"","format":"standard","meta":{"csco_display_header_overlay":false,"csco_singular_sidebar":"","csco_page_header_type":"","csco_page_load_nextpost":"","csco_post_video_location":[],"csco_post_video_location_hash":"","csco_post_video_url":"","csco_post_video_bg_start_time":0,"csco_post_video_bg_end_time":0,"footnotes":""},"categories":[9670],"tags":[1098,392],"class_list":{"0":"post-47333","1":"post","2":"type-post","3":"status-publish","4":"format-standard","5":"has-post-thumbnail","7":"category-tv","8":"tag-radio-trojka","9":"tag-tvp","10":"cs-entry","11":"cs-video-wrap"},"_links":{"self":[{"href":"https:\/\/mediarun.com\/pl\/wp-json\/wp\/v2\/posts\/47333","targetHints":{"allow":["GET"]}}],"collection":[{"href":"https:\/\/mediarun.com\/pl\/wp-json\/wp\/v2\/posts"}],"about":[{"href":"https:\/\/mediarun.com\/pl\/wp-json\/wp\/v2\/types\/post"}],"author":[{"embeddable":true,"href":"https:\/\/mediarun.com\/pl\/wp-json\/wp\/v2\/users\/1"}],"replies":[{"embeddable":true,"href":"https:\/\/mediarun.com\/pl\/wp-json\/wp\/v2\/comments?post=47333"}],"version-history":[{"count":0,"href":"https:\/\/mediarun.com\/pl\/wp-json\/wp\/v2\/posts\/47333\/revisions"}],"wp:featuredmedia":[{"embeddable":true,"href":"https:\/\/mediarun.com\/pl\/wp-json\/wp\/v2\/media\/47334"}],"wp:attachment":[{"href":"https:\/\/mediarun.com\/pl\/wp-json\/wp\/v2\/media?parent=47333"}],"wp:term":[{"taxonomy":"category","embeddable":true,"href":"https:\/\/mediarun.com\/pl\/wp-json\/wp\/v2\/categories?post=47333"},{"taxonomy":"post_tag","embeddable":true,"href":"https:\/\/mediarun.com\/pl\/wp-json\/wp\/v2\/tags?post=47333"}],"curies":[{"name":"wp","href":"https:\/\/api.w.org\/{rel}","templated":true}]}}