{"id":47309,"date":"2008-08-18T12:26:40","date_gmt":"2008-08-18T10:26:40","guid":{"rendered":"https:\/\/mediarun.com\/index.php\/news-posts\/rynek-komorkowy-bedzie-rosnac\/"},"modified":"2008-08-18T12:26:40","modified_gmt":"2008-08-18T10:26:40","slug":"rynek-komorkowy-bedzie-rosnac","status":"publish","type":"post","link":"https:\/\/mediarun.com\/pl\/trendy\/branding\/rynek-komorkowy-bedzie-rosnac.html","title":{"rendered":"Rynek kom\u00f3rkowy b\u0119dzie rosn\u0105\u0107"},"content":{"rendered":"<p>W daj\u0105cej si\u0119 przewidzie\u0107 przysz\u0142o\u015bci mamy szans\u0119 na coroczny wzrost rynku o co najmniej kilka procent &#8211; m&oacute;wi w rozmowie z Rz Gra\u017cyna Piotrowska-Oliwa, prezes PTK Centertel, operatora sieci Orange.<br \/><strong><br \/>22 sierpnia wprowadzacie do oferty iPhone&#8217;a. To elektryzuj\u0105ca wiadomo\u015b\u0107 dla rynku?<\/strong><\/p>\n<p>Gra\u017cyna Piotrowska-Oliwa: To gad\u017cet bardzo po\u017c\u0105dany przez opini\u0119 publiczn\u0105. Firma, kt&oacute;ra chce by\u0107 liderem na rynku, musi go mie\u0107. To kwestia presti\u017cu. Przypominam jednak, \u017ce nigdzie w Europie iPhone nie odni&oacute;s\u0142 sukcesu por&oacute;wnywalnego do ameryka\u0144skiego. W ramach prywatnego importu do tej pory sprzedano w Polsce tylko 22 &#8211; 24 tys. telefon&oacute;w.<br \/><strong><br \/>Mo\u017ce dzi\u0119ki subsydiom operator&oacute;w b\u0119dzie dost\u0119pniejszy?<\/strong><\/p>\n<p>Mo\u017cliwe, tylko \u017ce operatorzy musz\u0105 si\u0119 zastanowi\u0107, kt&oacute;re telefony subsydiowa\u0107. I czy musz\u0105 to by\u0107 iPhone&#8217;y, a nie inne aparaty z tej samej p&oacute;\u0142ki? Mog\u0119 powiedzie\u0107, \u017ce nie b\u0119dzie iPhone&#8217;a za z\u0142ot&oacute;wk\u0119 w niskich planach taryfowych.<br \/><strong><br \/>Czy Apple b\u0119dzie mia\u0142 udzia\u0142 w przychodach z us\u0142ug, jakie przynios\u0105 u\u017cytkownicy iPhone&#8217;a?<\/strong><\/p>\n<p>Nie mog\u0119 zdradza\u0107 warunk&oacute;w porozumienia. Powszechnie jednak wiadomo, \u017ce w &#8222;drugiej rundzie&#8221; um&oacute;w, jakie zawiera\u0142 Apple, zasady rozlicze\u0144 z operatorami si\u0119 zmieni\u0142y. Apple chyba wyci\u0105ga wnioski ze s\u0142abej sprzeda\u017cy w Europie. <br \/><strong><br \/>Skoro mowa o sprzeda\u017cy. Wzrost przychod&oacute;w Orange b\u0119dzie jednocyfrowy, jak przewidywali\u015bcie w zesz\u0142ym roku, czy dwucyfrowy, jak by\u0142o w dw&oacute;ch pierwszych kwarta\u0142ach 2008?<\/strong><\/p>\n<p>Przewidywali\u015bmy wzrost rynku o 7&ndash;8 proc. i nadal si\u0119 tego trzymamy. W pierwszych dw&oacute;ch kwarta\u0142ach wzrost by\u0142 dwucyfrowy, ale w tym okresie na wyniki nie wp\u0142ywa\u0142y jeszcze ustalone przez Urz\u0105d Komunikacji Elektronicznej obni\u017cki hurtowych stawek rozliczeniowych za po\u0142\u0105czenia do sieci kom&oacute;rkowych, czyli tzw. MTR. W drugiej po\u0142owie roku ju\u017c je odczujemy, wi\u0119c roczny wzrost przychod&oacute;w Centertelu wr&oacute;ci na jednocyfrowy poziom.<\/p>\n<p><strong>Wygl\u0105da na to, \u017ce liczba klient&oacute;w polskich sieci spada.<\/strong><\/p>\n<p>Taka interpretacja danych o liczbie aktywnych kart mo\u017ce by\u0107 myl\u0105ca. Uj\u0119ta ilo\u015bciowo sprzeda\u017c Centertelu i &#8211; jak s\u0105dz\u0119 &#8211; naszych konkurent&oacute;w, nie zmienia si\u0119. Nominalny spadek liczby kart to wynik zmiany polityki co do ma\u0142o aktywnych u\u017cytkownik&oacute;w telefon&oacute;w na kart\u0119. Standardowo od\u0142\u0105czamy ich po 12 miesi\u0105cach. Od pocz\u0105tku roku zacz\u0119li\u015bmy szybciej usuwa\u0107 jednorazowych klient&oacute;w, kt&oacute;rych obs\u0142uga i tak nas kosztuje. To czysty rachunek ekonomiczny. Zale\u017cy nam na utrzymaniu klient&oacute;w, kt&oacute;rzy przynosz\u0105 chocia\u017c minimalny poziom przychod&oacute;w. Pozosta\u0142e karty od\u0142\u0105czamy. Inaczej poziom przychod&oacute;w od jednego abonenta, tzw. ARPU, by\u0142by sztucznie zani\u017cony.<\/p>\n<p><strong>Czy jest szansa, \u017ceby te przychody ros\u0142y organicznie?<\/strong><\/p>\n<p>Na rynku, na kt&oacute;rym ceny wci\u0105\u017c spadaj\u0105, marzymy raczej, aby utrzyma\u0142y si\u0119 na stabilnym poziomie. Mo\u017ce z lekk\u0105 tendencj\u0105 wzrostow\u0105. Zwi\u0119kszamy liczb\u0119 abonent&oacute;w p\u0142ac\u0105cych rachunki, a wi\u0119c stabilne ARPU oznacza wy\u017csze przychody Centertelu.<\/p>\n<p>Je\u017celi rzeczywi\u015bcie w przysz\u0142ym roku w Polsce MTR spadn\u0105 do 22 gr za minut\u0119, to z grubsza szacuj\u0105c, polski rynek kom&oacute;rkowy straci na warto\u015bci oko\u0142o miliarda z\u0142otych.<\/p>\n<p>Wi\u0119cej na <a href=\"http:\/\/http:\/\/www.rzeczpospolita.pl\/\">http:\/\/www.rzeczpospolita.pl\/<\/a><\/p>\n","protected":false},"excerpt":{"rendered":"Udzia\u0142 telekomunikacji w PKB stale wynosi 3 proc. Je\u017celi PKB b\u0119dzie r&oacute;s\u0142, to i rynek telekomunikacyjny te\u017c.","protected":false},"author":1,"featured_media":47310,"comment_status":"open","ping_status":"closed","sticky":false,"template":"","format":"standard","meta":{"csco_display_header_overlay":false,"csco_singular_sidebar":"","csco_page_header_type":"","csco_page_load_nextpost":"","csco_post_video_location":[],"csco_post_video_location_hash":"","csco_post_video_url":"","csco_post_video_bg_start_time":0,"csco_post_video_bg_end_time":0,"footnotes":""},"categories":[9658],"tags":[276],"class_list":{"0":"post-47309","1":"post","2":"type-post","3":"status-publish","4":"format-standard","5":"has-post-thumbnail","7":"category-branding","8":"tag-orange","9":"cs-entry","10":"cs-video-wrap"},"_links":{"self":[{"href":"https:\/\/mediarun.com\/pl\/wp-json\/wp\/v2\/posts\/47309","targetHints":{"allow":["GET"]}}],"collection":[{"href":"https:\/\/mediarun.com\/pl\/wp-json\/wp\/v2\/posts"}],"about":[{"href":"https:\/\/mediarun.com\/pl\/wp-json\/wp\/v2\/types\/post"}],"author":[{"embeddable":true,"href":"https:\/\/mediarun.com\/pl\/wp-json\/wp\/v2\/users\/1"}],"replies":[{"embeddable":true,"href":"https:\/\/mediarun.com\/pl\/wp-json\/wp\/v2\/comments?post=47309"}],"version-history":[{"count":0,"href":"https:\/\/mediarun.com\/pl\/wp-json\/wp\/v2\/posts\/47309\/revisions"}],"wp:featuredmedia":[{"embeddable":true,"href":"https:\/\/mediarun.com\/pl\/wp-json\/wp\/v2\/media\/47310"}],"wp:attachment":[{"href":"https:\/\/mediarun.com\/pl\/wp-json\/wp\/v2\/media?parent=47309"}],"wp:term":[{"taxonomy":"category","embeddable":true,"href":"https:\/\/mediarun.com\/pl\/wp-json\/wp\/v2\/categories?post=47309"},{"taxonomy":"post_tag","embeddable":true,"href":"https:\/\/mediarun.com\/pl\/wp-json\/wp\/v2\/tags?post=47309"}],"curies":[{"name":"wp","href":"https:\/\/api.w.org\/{rel}","templated":true}]}}