{"id":47269,"date":"2008-08-18T16:40:13","date_gmt":"2008-08-18T14:40:13","guid":{"rendered":"https:\/\/mediarun.com\/index.php\/news-posts\/39-i-pol-wroci-na-wiosne\/"},"modified":"2008-08-18T16:40:13","modified_gmt":"2008-08-18T14:40:13","slug":"39-i-pol-wroci-na-wiosne","status":"publish","type":"post","link":"https:\/\/mediarun.com\/pl\/media\/tv\/39-i-pol-wroci-na-wiosne.html","title":{"rendered":"&#8222;39 i p\u00f3\u0142&#8221; wr\u00f3ci na wiosn\u0119"},"content":{"rendered":"<p>G\u0142&oacute;wnym bohaterem pozostanie grany przez Karolaka Darek Jankowski, kt&oacute;ry b\u0119dzie na nowo uk\u0142ada\u0142 sobie \u017cycie z by\u0142\u0105 \u017con\u0105 i zmaga\u0142 si\u0119 z wyzwaniami jakie stoj\u0105 przed ojcem dojrzewaj\u0105cego nastolatka.<\/p>\n<p>W serialu pojawi si\u0119 nowy zesp&oacute;\u0142, kt&oacute;ry zast\u0105pi znany z pierwszej serii Blog 27. Obok Karolaka wyst\u0105pi\u0105 m.in. Daria Widawska, Alan Andersz, Dorota Del\u0105g, Krzysztof Stelmaszyk, Sonia Bohosiewicz, Magdalena Zawadzka, Leonard Pietraszak oraz inni znani aktorzy w rolach epizodycznych.<\/p>\n<p>Druga seria ma liczy\u0107 12 odcink&oacute;w, kt&oacute;re b\u0119dzie mo\u017cna obejrze\u0107 wiosn\u0105 w telewizji TVN.<\/p>\n","protected":false},"excerpt":{"rendered":"12 sierpnia ruszy\u0142y zdj\u0119cia do drugiej serii serialu &#8222;39 i p&oacute;\u0142&#8221; z Tomaszem Karolakiem w roli g\u0142&oacute;wnej.","protected":false},"author":1,"featured_media":47270,"comment_status":"open","ping_status":"closed","sticky":false,"template":"","format":"standard","meta":{"csco_display_header_overlay":false,"csco_singular_sidebar":"","csco_page_header_type":"","csco_page_load_nextpost":"","csco_post_video_location":[],"csco_post_video_location_hash":"","csco_post_video_url":"","csco_post_video_bg_start_time":0,"csco_post_video_bg_end_time":0,"footnotes":""},"categories":[9670],"tags":[98],"class_list":{"0":"post-47269","1":"post","2":"type-post","3":"status-publish","4":"format-standard","5":"has-post-thumbnail","7":"category-tv","8":"tag-tvn","9":"cs-entry","10":"cs-video-wrap"},"_links":{"self":[{"href":"https:\/\/mediarun.com\/pl\/wp-json\/wp\/v2\/posts\/47269","targetHints":{"allow":["GET"]}}],"collection":[{"href":"https:\/\/mediarun.com\/pl\/wp-json\/wp\/v2\/posts"}],"about":[{"href":"https:\/\/mediarun.com\/pl\/wp-json\/wp\/v2\/types\/post"}],"author":[{"embeddable":true,"href":"https:\/\/mediarun.com\/pl\/wp-json\/wp\/v2\/users\/1"}],"replies":[{"embeddable":true,"href":"https:\/\/mediarun.com\/pl\/wp-json\/wp\/v2\/comments?post=47269"}],"version-history":[{"count":0,"href":"https:\/\/mediarun.com\/pl\/wp-json\/wp\/v2\/posts\/47269\/revisions"}],"wp:featuredmedia":[{"embeddable":true,"href":"https:\/\/mediarun.com\/pl\/wp-json\/wp\/v2\/media\/47270"}],"wp:attachment":[{"href":"https:\/\/mediarun.com\/pl\/wp-json\/wp\/v2\/media?parent=47269"}],"wp:term":[{"taxonomy":"category","embeddable":true,"href":"https:\/\/mediarun.com\/pl\/wp-json\/wp\/v2\/categories?post=47269"},{"taxonomy":"post_tag","embeddable":true,"href":"https:\/\/mediarun.com\/pl\/wp-json\/wp\/v2\/tags?post=47269"}],"curies":[{"name":"wp","href":"https:\/\/api.w.org\/{rel}","templated":true}]}}