{"id":47023,"date":"2008-08-25T14:15:27","date_gmt":"2008-08-25T12:15:27","guid":{"rendered":"https:\/\/mediarun.com\/index.php\/news-posts\/zapowiadaja-zwolnienie-10-tys-pracownikow\/"},"modified":"2008-08-25T14:15:27","modified_gmt":"2008-08-25T12:15:27","slug":"zapowiadaja-zwolnienie-10-tys-pracownikow","status":"publish","type":"post","link":"https:\/\/mediarun.com\/pl\/ludzie\/awanse\/zapowiadaja-zwolnienie-10-tys-pracownikow.html","title":{"rendered":"Zapowiadaj\u0105 zwolnienie 10 tys. pracownik\u00f3w"},"content":{"rendered":"<p>Wed\u0142ug Ministerstwa Pracy i Polityki Spo\u0142ecznej, w pierwszej po\u0142owie 2008 r. 147 firm zapowiedzia\u0142o redukcj\u0119 zatrudnienia o ponad 10 tys. os&oacute;b. To tyle, ile zapowiedziano w ca\u0142ym 2007 r. Do ko\u0144ca czerwca przedsi\u0119biorcy zwolnili ponad 7 tys. pracownik&oacute;w.<\/p>\n<p>Dane niepokoj\u0105 ekonomist&oacute;w. &#8211; Jest jeszcze za wcze\u015bnie na alarm, ale s\u0105 bran\u017ce, kt&oacute;re powinny zacz\u0105\u0107 si\u0119 niepokoi\u0107 &#8211; uwa\u017ca Ma\u0142gorzata Krzysztoszek, ekspertka z Polskiej Konfederacji Pracodawc&oacute;w Prywatnych Lewiatan.<br \/>&nbsp;<br \/>Zdaniem Beaty Chromi\u0144skiej z ministerstwa pracy, wi\u0119ksza ni\u017c w ubieg\u0142ym roku liczba zwolnie\u0144 grupowych mo\u017ce mie\u0107 zwi\u0105zek z obecnym os\u0142abieniem wzrostu gospodarczego i spadkiem dynamiki produkcji przemys\u0142owej.<\/p>\n","protected":false},"excerpt":{"rendered":"Po raz pierwszy od co najmniej pi\u0119ciu lat ro\u015bnie liczba grupowych zwolnie\u0144 w zak\u0142adach pracy &#8211; powiadamia Parkiet.","protected":false},"author":1,"featured_media":47024,"comment_status":"open","ping_status":"closed","sticky":false,"template":"","format":"standard","meta":{"csco_display_header_overlay":false,"csco_singular_sidebar":"","csco_page_header_type":"","csco_page_load_nextpost":"","csco_post_video_location":[],"csco_post_video_location_hash":"","csco_post_video_url":"","csco_post_video_bg_start_time":0,"csco_post_video_bg_end_time":0,"footnotes":""},"categories":[9678],"tags":[],"class_list":{"0":"post-47023","1":"post","2":"type-post","3":"status-publish","4":"format-standard","5":"has-post-thumbnail","7":"category-awanse","8":"cs-entry","9":"cs-video-wrap"},"_links":{"self":[{"href":"https:\/\/mediarun.com\/pl\/wp-json\/wp\/v2\/posts\/47023","targetHints":{"allow":["GET"]}}],"collection":[{"href":"https:\/\/mediarun.com\/pl\/wp-json\/wp\/v2\/posts"}],"about":[{"href":"https:\/\/mediarun.com\/pl\/wp-json\/wp\/v2\/types\/post"}],"author":[{"embeddable":true,"href":"https:\/\/mediarun.com\/pl\/wp-json\/wp\/v2\/users\/1"}],"replies":[{"embeddable":true,"href":"https:\/\/mediarun.com\/pl\/wp-json\/wp\/v2\/comments?post=47023"}],"version-history":[{"count":0,"href":"https:\/\/mediarun.com\/pl\/wp-json\/wp\/v2\/posts\/47023\/revisions"}],"wp:featuredmedia":[{"embeddable":true,"href":"https:\/\/mediarun.com\/pl\/wp-json\/wp\/v2\/media\/47024"}],"wp:attachment":[{"href":"https:\/\/mediarun.com\/pl\/wp-json\/wp\/v2\/media?parent=47023"}],"wp:term":[{"taxonomy":"category","embeddable":true,"href":"https:\/\/mediarun.com\/pl\/wp-json\/wp\/v2\/categories?post=47023"},{"taxonomy":"post_tag","embeddable":true,"href":"https:\/\/mediarun.com\/pl\/wp-json\/wp\/v2\/tags?post=47023"}],"curies":[{"name":"wp","href":"https:\/\/api.w.org\/{rel}","templated":true}]}}