{"id":46719,"date":"2008-09-01T13:47:35","date_gmt":"2008-09-01T11:47:35","guid":{"rendered":"https:\/\/mediarun.com\/index.php\/news-posts\/wolanski-fotografuje-dla-reportera\/"},"modified":"2008-09-01T13:47:35","modified_gmt":"2008-09-01T11:47:35","slug":"wolanski-fotografuje-dla-reportera","status":"publish","type":"post","link":"https:\/\/mediarun.com\/pl\/marketing\/atl\/wolanski-fotografuje-dla-reportera.html","title":{"rendered":"Wola\u0144ski fotografuje dla Reportera"},"content":{"rendered":"<p>Poza promocj\u0105 nowej kolekcji dla m\u0119\u017cczyzn i dla kobiet, kampania b\u0119dzie komunikowa\u0107 zmiany w firmie w zakresie marketingu. Firma poszerza grup\u0119 docelow\u0105 i chce by\u0107 bardziej casualowa i dojrza\u0142a. <\/p>\n<p>W ramach promocji kolekcji zrealizowano sesj\u0119 zdj\u0119ciow\u0105, kt&oacute;r\u0105 wykona\u0142 Robert Wola\u0144ski. Stylizacje do sesji przygotowali Anita Czarnecka i Robert Orszulak, kt&oacute;rzy s\u0105 r&oacute;wnie\u017c autorami projektu linii damskiej i m\u0119skiej nowej kolekcji marki Reporter.<\/p>\n<p>W ramach dzia\u0142a\u0144 promocyjnych powsta\u0142 katalog modowy oraz mi\u0119dzynarodowa strona marki Reporter.com.pl. Strona internetowa prezentuje cztery stolice mody i odpowiednio dobrane do ka\u017cdej z nich stylizacje. <br \/>&nbsp;<br \/>Nowa kolekcja obecna b\u0119dzie w 200 salonach w Polsce i za granic\u0105. Produkcj\u0105 sesji zaj\u0119\u0142o si\u0119 studio Photo-Shop. Za obs\u0142ug\u0119 interaktywn\u0105 marki odpowiada krakowska agencja interaktywna Grupa PTR.<\/p>\n","protected":false},"excerpt":{"rendered":"Rozpoczyna si\u0119 jesienno-zimowa kampania wizerunkowa marki Reporter. Firma poszerza swoj\u0105 grup\u0119 docelow\u0105.","protected":false},"author":1,"featured_media":46720,"comment_status":"open","ping_status":"closed","sticky":false,"template":"","format":"standard","meta":{"csco_display_header_overlay":false,"csco_singular_sidebar":"","csco_page_header_type":"","csco_page_load_nextpost":"","csco_post_video_location":[],"csco_post_video_location_hash":"","csco_post_video_url":"","csco_post_video_bg_start_time":0,"csco_post_video_bg_end_time":0,"footnotes":""},"categories":[9642],"tags":[2676,1381,2641],"class_list":{"0":"post-46719","1":"post","2":"type-post","3":"status-publish","4":"format-standard","5":"has-post-thumbnail","7":"category-atl","8":"tag-grupa-ptr","9":"tag-photo-shop","10":"tag-reporter","11":"cs-entry","12":"cs-video-wrap"},"_links":{"self":[{"href":"https:\/\/mediarun.com\/pl\/wp-json\/wp\/v2\/posts\/46719","targetHints":{"allow":["GET"]}}],"collection":[{"href":"https:\/\/mediarun.com\/pl\/wp-json\/wp\/v2\/posts"}],"about":[{"href":"https:\/\/mediarun.com\/pl\/wp-json\/wp\/v2\/types\/post"}],"author":[{"embeddable":true,"href":"https:\/\/mediarun.com\/pl\/wp-json\/wp\/v2\/users\/1"}],"replies":[{"embeddable":true,"href":"https:\/\/mediarun.com\/pl\/wp-json\/wp\/v2\/comments?post=46719"}],"version-history":[{"count":0,"href":"https:\/\/mediarun.com\/pl\/wp-json\/wp\/v2\/posts\/46719\/revisions"}],"wp:featuredmedia":[{"embeddable":true,"href":"https:\/\/mediarun.com\/pl\/wp-json\/wp\/v2\/media\/46720"}],"wp:attachment":[{"href":"https:\/\/mediarun.com\/pl\/wp-json\/wp\/v2\/media?parent=46719"}],"wp:term":[{"taxonomy":"category","embeddable":true,"href":"https:\/\/mediarun.com\/pl\/wp-json\/wp\/v2\/categories?post=46719"},{"taxonomy":"post_tag","embeddable":true,"href":"https:\/\/mediarun.com\/pl\/wp-json\/wp\/v2\/tags?post=46719"}],"curies":[{"name":"wp","href":"https:\/\/api.w.org\/{rel}","templated":true}]}}