{"id":46478,"date":"2008-09-04T12:49:05","date_gmt":"2008-09-04T10:49:05","guid":{"rendered":"https:\/\/mediarun.com\/index.php\/news-posts\/czy-kampania-zacheci-do-sortowania-smieci\/"},"modified":"2008-09-04T12:49:05","modified_gmt":"2008-09-04T10:49:05","slug":"czy-kampania-zacheci-do-sortowania-smieci","status":"publish","type":"post","link":"https:\/\/mediarun.com\/pl\/marketing\/atl\/czy-kampania-zacheci-do-sortowania-smieci.html","title":{"rendered":"Czy kampania zach\u0119ci do sortowania \u015bmieci?"},"content":{"rendered":"<p>86 proc. z nich uwa\u017ca, \u017ce kampania edukacyjna w tym zakresie mog\u0142aby du\u017co zmieni\u0107.<\/p>\n<p>Z raportu wynika, \u017ce oko\u0142o 35 proc. Polak&oacute;w zawsze sortuje \u015bmieci przed ich wyrzuceniem. W du\u017cych miastach, takie zachowanie deklaruje 22 proc. mieszka\u0144c&oacute;w. <\/p>\n<p>Respondenci przyznaj\u0105, \u017ce nie zawsze sortuj\u0105 \u015bmieci i stanowi\u0105 oni 29 proc. og&oacute;\u0142u. Najch\u0119tniej regularnie sortuj\u0105 \u015bmieci rolnicy (44 proc.) i przedstawiciele kadry kierowniczej (49 proc.). Najmniej ch\u0119tnie &ndash; gospodynie domowe i niewykwalifikowani robotnicy. <\/p>\n<p>Ponad po\u0142owa (51 proc.) Polak&oacute;w przyznaje, \u017ce w ci\u0105gu ostatniego roku nie stara\u0142a si\u0119 zrobi\u0107 niczego, \u017ceby zmniejszy\u0107 ilo\u015b\u0107 wyrzucanych \u015bmieci. <\/p>\n<p>Wyniki bada\u0144 wskaza\u0142y najcz\u0119stszy rodzaj aktywno\u015bci proekologicznej Polak&oacute;w &#8211; 70 proc. m&oacute;wi o sortowaniu. Inni wymieniaj\u0105 m.in. ograniczenie kupowania i u\u017cywania niekt&oacute;rych rzeczy (41 proc.), wykorzystywanie wielokrotnie tych samych rzeczy (32 proc.).<\/p>\n<p>Respondenci (89 proc.) bior\u0105cy udzia\u0142 w badaniu s\u0105 zdania, \u017ce pomocna w promocji zwyczaju sortowania \u015bmieci przed ich wyrzuceniem by\u0142aby akcja edukacyjna. 8 proc. stanowi\u0105 osoby sceptycznie nastawione do takiego pomys\u0142u.<\/p>\n","protected":false},"excerpt":{"rendered":"22 proc. mieszka\u0144c&oacute;w du\u017cych miast sortuje \u015bmieci &#8211; wynika z raportu &#8222;Moda na ekologi\u0119&#8221; firmy On Board PR\nprzygotowanego na podstawie bada\u0144 PBS DGA.","protected":false},"author":1,"featured_media":46479,"comment_status":"open","ping_status":"closed","sticky":false,"template":"","format":"standard","meta":{"csco_display_header_overlay":false,"csco_singular_sidebar":"","csco_page_header_type":"","csco_page_load_nextpost":"","csco_post_video_location":[],"csco_post_video_location_hash":"","csco_post_video_url":"","csco_post_video_bg_start_time":0,"csco_post_video_bg_end_time":0,"footnotes":""},"categories":[9642],"tags":[482],"class_list":{"0":"post-46478","1":"post","2":"type-post","3":"status-publish","4":"format-standard","5":"has-post-thumbnail","7":"category-atl","8":"tag-on-board","9":"cs-entry","10":"cs-video-wrap"},"_links":{"self":[{"href":"https:\/\/mediarun.com\/pl\/wp-json\/wp\/v2\/posts\/46478","targetHints":{"allow":["GET"]}}],"collection":[{"href":"https:\/\/mediarun.com\/pl\/wp-json\/wp\/v2\/posts"}],"about":[{"href":"https:\/\/mediarun.com\/pl\/wp-json\/wp\/v2\/types\/post"}],"author":[{"embeddable":true,"href":"https:\/\/mediarun.com\/pl\/wp-json\/wp\/v2\/users\/1"}],"replies":[{"embeddable":true,"href":"https:\/\/mediarun.com\/pl\/wp-json\/wp\/v2\/comments?post=46478"}],"version-history":[{"count":0,"href":"https:\/\/mediarun.com\/pl\/wp-json\/wp\/v2\/posts\/46478\/revisions"}],"wp:featuredmedia":[{"embeddable":true,"href":"https:\/\/mediarun.com\/pl\/wp-json\/wp\/v2\/media\/46479"}],"wp:attachment":[{"href":"https:\/\/mediarun.com\/pl\/wp-json\/wp\/v2\/media?parent=46478"}],"wp:term":[{"taxonomy":"category","embeddable":true,"href":"https:\/\/mediarun.com\/pl\/wp-json\/wp\/v2\/categories?post=46478"},{"taxonomy":"post_tag","embeddable":true,"href":"https:\/\/mediarun.com\/pl\/wp-json\/wp\/v2\/tags?post=46478"}],"curies":[{"name":"wp","href":"https:\/\/api.w.org\/{rel}","templated":true}]}}