{"id":46394,"date":"2008-09-05T15:14:45","date_gmt":"2008-09-05T13:14:45","guid":{"rendered":"https:\/\/mediarun.com\/index.php\/news-posts\/przekroj-wie-kto-jest-na-fali\/"},"modified":"2008-09-05T15:14:45","modified_gmt":"2008-09-05T13:14:45","slug":"przekroj-wie-kto-jest-na-fali","status":"publish","type":"post","link":"https:\/\/mediarun.com\/pl\/media\/tv\/przekroj-wie-kto-jest-na-fali.html","title":{"rendered":"Przekr\u00f3j wie, kto jest na fali"},"content":{"rendered":"<p>Wed\u0142ug Przekroju na fali s\u0105: Szymon Ho\u0142ownia (&#8222;wci\u0105\u017c ma szanse na \u015bwi\u0119to\u015b\u0107&#8221; &#8211; wyja\u015bnia tygodnik) i Szymon Majewski (&#8222;cho\u0107 nie ta\u0144czy i nie gra w serialu&#8221;).<\/p>\n<p>W grupie ton\u0105cych znale\u017ali si\u0119: Anna Mucha (nie zrobi\u0142a kariery za granic\u0105 i wr&oacute;ci\u0142a do gry w serialach) i Kuba Wojew&oacute;dzki (&#8222;rola jurora w &#8222;Mam talent&#8221; to degradacja&#8221;). Ci, kt&oacute;rzy ju\u017c uton\u0119li, to: Misiek Koterski (&#8222;Przerwa mu si\u0119 przyda, nabierze pokory&#8221;) i Marcin Meller (&#8222;ofiara Kingi Rusin&#8221;).<\/p>\n<p>Na wodach kariery w polskiej telewizji unosz\u0105 si\u0119: Jacek Karnowski, Agnieszka Chyli\u0144ska, Julia Kami\u0144ska, Bronis\u0142aw Wildstein, Kayah, Mariusz Czerkawski, Anna Guzik i Ola Kwa\u015bniewska.<\/p>\n<p>&#8211; Zasada jest jedna. Mamy si\u0119 bawi\u0107. Nie wa\u017cne, czy kibicuj\u0105c tancerzowi, \u017conglerowi lub wirtuozowi pi\u0142y albo pralki b\u0119bnowej &#8211; komentuje Karolina Pasternak z Przekroju.<\/p>\n","protected":false},"excerpt":{"rendered":"Tygodnik Przekr&oacute;j opublikowa\u0142 na swoich \u0142amach &#8222;Ranking gwiazd TV&#8221;, kt&oacute;ry podaje, kto &#8222;jest na fali, a kto tonie&#8221;.","protected":false},"author":1,"featured_media":46395,"comment_status":"open","ping_status":"closed","sticky":false,"template":"","format":"standard","meta":{"csco_display_header_overlay":false,"csco_singular_sidebar":"","csco_page_header_type":"","csco_page_load_nextpost":"","csco_post_video_location":[],"csco_post_video_location_hash":"","csco_post_video_url":"","csco_post_video_bg_start_time":0,"csco_post_video_bg_end_time":0,"footnotes":""},"categories":[9670],"tags":[912],"class_list":{"0":"post-46394","1":"post","2":"type-post","3":"status-publish","4":"format-standard","5":"has-post-thumbnail","7":"category-tv","8":"tag-przekroj","9":"cs-entry","10":"cs-video-wrap"},"_links":{"self":[{"href":"https:\/\/mediarun.com\/pl\/wp-json\/wp\/v2\/posts\/46394","targetHints":{"allow":["GET"]}}],"collection":[{"href":"https:\/\/mediarun.com\/pl\/wp-json\/wp\/v2\/posts"}],"about":[{"href":"https:\/\/mediarun.com\/pl\/wp-json\/wp\/v2\/types\/post"}],"author":[{"embeddable":true,"href":"https:\/\/mediarun.com\/pl\/wp-json\/wp\/v2\/users\/1"}],"replies":[{"embeddable":true,"href":"https:\/\/mediarun.com\/pl\/wp-json\/wp\/v2\/comments?post=46394"}],"version-history":[{"count":0,"href":"https:\/\/mediarun.com\/pl\/wp-json\/wp\/v2\/posts\/46394\/revisions"}],"wp:featuredmedia":[{"embeddable":true,"href":"https:\/\/mediarun.com\/pl\/wp-json\/wp\/v2\/media\/46395"}],"wp:attachment":[{"href":"https:\/\/mediarun.com\/pl\/wp-json\/wp\/v2\/media?parent=46394"}],"wp:term":[{"taxonomy":"category","embeddable":true,"href":"https:\/\/mediarun.com\/pl\/wp-json\/wp\/v2\/categories?post=46394"},{"taxonomy":"post_tag","embeddable":true,"href":"https:\/\/mediarun.com\/pl\/wp-json\/wp\/v2\/tags?post=46394"}],"curies":[{"name":"wp","href":"https:\/\/api.w.org\/{rel}","templated":true}]}}