{"id":46109,"date":"2008-09-12T15:22:04","date_gmt":"2008-09-12T13:22:04","guid":{"rendered":"https:\/\/mediarun.com\/index.php\/news-posts\/polityka-zmienia-strukture-redakcji-i-makiete\/"},"modified":"2008-09-12T15:22:04","modified_gmt":"2008-09-12T13:22:04","slug":"polityka-zmienia-strukture-redakcji-i-makiete","status":"publish","type":"post","link":"https:\/\/mediarun.com\/pl\/media\/prasa\/polityka-zmienia-strukture-redakcji-i-makiete.html","title":{"rendered":"Polityka zmienia struktur\u0119 redakcji i makiet\u0119"},"content":{"rendered":"<p>Dzia\u0142y polityczny i komentator&oacute;w zostan\u0105 po\u0142\u0105czone w jedn\u0105 sekcj\u0119, kt&oacute;r\u0105 pokieruje Mariusz Janicki, dotychczasowy kierownik dzia\u0142u politycznego. Zniknie dzia\u0142 spo\u0142eczny w dotychczasowej formule, a w jego miejsce powstanie dzia\u0142 krajowy pod kierownictwem Ewy Wilk (dotychczasowa szefowa dzia\u0142u spo\u0142ecznego).<\/p>\n<p>Wyodr\u0119bnione te\u017c zostan\u0105 dwa nowe dzia\u0142y: &#8222;pa\u0144stwo i prawo&#8221; oraz &#8222;ludzie i obyczaje&#8221;. Pierwszym pokieruje Jagienka Wilczak, a drugim Krzysztof Burnetko. Oboje pracowali dotychczas w dziale politycznym tygodnika.<\/p>\n<p>W sekcji &#8222;ludzie i obyczaje&#8221; pojawia\u0107 si\u0119 maj\u0105 sylwetki, teksty spo\u0142eczno-obyczajowe, artyku\u0142y przedstawiaj\u0105ce tendencje i trendy, natomiast dzia\u0142 &#8222;pa\u0144stwa i prawa&#8221; zawiera\u0107 ma m.in. teksty \u015bledcze.<\/p>\n<p>Polityka modyfikuje struktur\u0119 m.in. kolumny z informacjami zagranicznymi &#8211; zostan\u0105 przesuni\u0119te na dalsze strony tygodnika.<\/p>\n","protected":false},"excerpt":{"rendered":"Pierwszy pa\u017adziernikowy numer Polityki uka\u017ce si\u0119 na rynku w od\u015bwie\u017conej makiecie. Zmieniona b\u0119dzie r&oacute;wnie\u017c struktura redakcji tygodnika.","protected":false},"author":1,"featured_media":46110,"comment_status":"open","ping_status":"closed","sticky":false,"template":"","format":"standard","meta":{"csco_display_header_overlay":false,"csco_singular_sidebar":"","csco_page_header_type":"","csco_page_load_nextpost":"","csco_post_video_location":[],"csco_post_video_location_hash":"","csco_post_video_url":"","csco_post_video_bg_start_time":0,"csco_post_video_bg_end_time":0,"footnotes":""},"categories":[9673],"tags":[767],"class_list":{"0":"post-46109","1":"post","2":"type-post","3":"status-publish","4":"format-standard","5":"has-post-thumbnail","7":"category-prasa","8":"tag-polityka","9":"cs-entry","10":"cs-video-wrap"},"_links":{"self":[{"href":"https:\/\/mediarun.com\/pl\/wp-json\/wp\/v2\/posts\/46109","targetHints":{"allow":["GET"]}}],"collection":[{"href":"https:\/\/mediarun.com\/pl\/wp-json\/wp\/v2\/posts"}],"about":[{"href":"https:\/\/mediarun.com\/pl\/wp-json\/wp\/v2\/types\/post"}],"author":[{"embeddable":true,"href":"https:\/\/mediarun.com\/pl\/wp-json\/wp\/v2\/users\/1"}],"replies":[{"embeddable":true,"href":"https:\/\/mediarun.com\/pl\/wp-json\/wp\/v2\/comments?post=46109"}],"version-history":[{"count":0,"href":"https:\/\/mediarun.com\/pl\/wp-json\/wp\/v2\/posts\/46109\/revisions"}],"wp:featuredmedia":[{"embeddable":true,"href":"https:\/\/mediarun.com\/pl\/wp-json\/wp\/v2\/media\/46110"}],"wp:attachment":[{"href":"https:\/\/mediarun.com\/pl\/wp-json\/wp\/v2\/media?parent=46109"}],"wp:term":[{"taxonomy":"category","embeddable":true,"href":"https:\/\/mediarun.com\/pl\/wp-json\/wp\/v2\/categories?post=46109"},{"taxonomy":"post_tag","embeddable":true,"href":"https:\/\/mediarun.com\/pl\/wp-json\/wp\/v2\/tags?post=46109"}],"curies":[{"name":"wp","href":"https:\/\/api.w.org\/{rel}","templated":true}]}}