{"id":46071,"date":"2008-09-15T10:17:32","date_gmt":"2008-09-15T08:17:32","guid":{"rendered":"https:\/\/mediarun.com\/index.php\/news-posts\/internet-cee-do-konca-wrzesnia-10-proc-znizki\/"},"modified":"2008-09-15T10:17:32","modified_gmt":"2008-09-15T08:17:32","slug":"internet-cee-do-konca-wrzesnia-10-proc-znizki","status":"publish","type":"post","link":"https:\/\/mediarun.com\/pl\/marketing\/atl\/internet-cee-do-konca-wrzesnia-10-proc-znizki.html","title":{"rendered":"Internet CEE: do ko\u0144ca wrze\u015bnia 10 proc. zni\u017cki"},"content":{"rendered":"<p>Zagadnienia omawiane w ramach konferencji Internet CEE zosta\u0142y podzielone na cztery bloki tematyczne: &#8222;Spo\u0142eczno\u015bci w internecie&#8221;, &#8222;Nowe formy reklamy w sieci&#8221;, &#8222;Telewizja internetowa&#8221; oraz &#8222;Historie sukcesu&#8221;.<\/p>\n<p>Program konferencji wzbogaci panel dyskusyjny na temat rynku wyszukiwarek. O recepcie na sukces w e-biznesie opowiedz\u0105 m.in. Mike Hess (OMD), S\u0142awomir St\u0119pniewski (Hypermedia) i Fedor Virin (Mail.ru). W gronie ekspert&oacute;w pojawi\u0105 si\u0119 r&oacute;wnie\u017c Wim Vermeulen (Ogilvy), Sa&scaron;a &Scaron;kori\u0107 (Oglasnik), Marcin Gaworski (180hb) oraz Vitaly Rubstein (Forticom UAB).<\/p>\n<p>Konferencja adresowana jest przede wszystkim do kadry zarz\u0105dzaj\u0105cej oraz dyrektor&oacute;w marketingu i sprzeda\u017cy firm prowadz\u0105cych dzia\u0142alno\u015b\u0107 w krajach Europy \u015arodkowo-Wschodniej lub planuj\u0105cych ekspansj\u0119 na rynki w tym regionie.<\/p>\n<p>Uczestnicy konferencji to r&oacute;wnie\u017c wydawcy internetowi oraz reprezentanci agencji i dom&oacute;w mediowych obs\u0142uguj\u0105cych klient&oacute;w dzia\u0142aj\u0105cych w krajach CEE.<\/p>\n<p>Za po\u015brednictwem strony internetowej <a href=\"http:\/\/www.internetcee.pl\/register\" target=\"_blank\" rel=\"noopener\">www.internetcee.pl\/register<\/a> mo\u017cna ju\u017c dokona\u0107 rejestracji na konferencj\u0119. Do ko\u0144ca wrze\u015bnia 2008 obowi\u0105zuje 10 proc. zni\u017cka.<\/p>\n<p>Organizatorem konferencji jest firma Gemius. Mediarun.pl jest patronem medialnym wydarzenia.<\/p>\n","protected":false},"excerpt":{"rendered":"W dniach 28-29 pa\u017adziernika w warszawskiej Fabryce Trzciny odb\u0119dzie si\u0119 druga edycja mi\u0119dzynarodowej konferencji Internet CEE.","protected":false},"author":1,"featured_media":46072,"comment_status":"open","ping_status":"closed","sticky":false,"template":"","format":"standard","meta":{"csco_display_header_overlay":false,"csco_singular_sidebar":"","csco_page_header_type":"","csco_page_load_nextpost":"","csco_post_video_location":[],"csco_post_video_location_hash":"","csco_post_video_url":"","csco_post_video_bg_start_time":0,"csco_post_video_bg_end_time":0,"footnotes":""},"categories":[9642],"tags":[102],"class_list":{"0":"post-46071","1":"post","2":"type-post","3":"status-publish","4":"format-standard","5":"has-post-thumbnail","7":"category-atl","8":"tag-gemius","9":"cs-entry","10":"cs-video-wrap"},"_links":{"self":[{"href":"https:\/\/mediarun.com\/pl\/wp-json\/wp\/v2\/posts\/46071","targetHints":{"allow":["GET"]}}],"collection":[{"href":"https:\/\/mediarun.com\/pl\/wp-json\/wp\/v2\/posts"}],"about":[{"href":"https:\/\/mediarun.com\/pl\/wp-json\/wp\/v2\/types\/post"}],"author":[{"embeddable":true,"href":"https:\/\/mediarun.com\/pl\/wp-json\/wp\/v2\/users\/1"}],"replies":[{"embeddable":true,"href":"https:\/\/mediarun.com\/pl\/wp-json\/wp\/v2\/comments?post=46071"}],"version-history":[{"count":0,"href":"https:\/\/mediarun.com\/pl\/wp-json\/wp\/v2\/posts\/46071\/revisions"}],"wp:featuredmedia":[{"embeddable":true,"href":"https:\/\/mediarun.com\/pl\/wp-json\/wp\/v2\/media\/46072"}],"wp:attachment":[{"href":"https:\/\/mediarun.com\/pl\/wp-json\/wp\/v2\/media?parent=46071"}],"wp:term":[{"taxonomy":"category","embeddable":true,"href":"https:\/\/mediarun.com\/pl\/wp-json\/wp\/v2\/categories?post=46071"},{"taxonomy":"post_tag","embeddable":true,"href":"https:\/\/mediarun.com\/pl\/wp-json\/wp\/v2\/tags?post=46071"}],"curies":[{"name":"wp","href":"https:\/\/api.w.org\/{rel}","templated":true}]}}