{"id":46069,"date":"2008-09-15T10:29:19","date_gmt":"2008-09-15T08:29:19","guid":{"rendered":"https:\/\/mediarun.com\/index.php\/news-posts\/tvp-konkuruje-z-mediami-ojca-rydzyka\/"},"modified":"2008-09-15T10:29:19","modified_gmt":"2008-09-15T08:29:19","slug":"tvp-konkuruje-z-mediami-ojca-rydzyka","status":"publish","type":"post","link":"https:\/\/mediarun.com\/pl\/media\/tv\/tvp-konkuruje-z-mediami-ojca-rydzyka.html","title":{"rendered":"TVP konkuruje z mediami ojca Rydzyka"},"content":{"rendered":"<p>&#8211; To bulwersuj\u0105cy przyk\u0142ad uprzywilejowania jednego Ko\u015bcio\u0142a &#8211; denerwuje si\u0119 Tomasz Kalita, rzecznik SLD. Partia ta zamierza wzi\u0105\u0107 pod lup\u0119 umowy zawierane przez telewizj\u0119 i stron\u0119 ko\u015bcieln\u0105.<\/p>\n<p>Wi\u0119cej na <a href=\"http:\/\/http:\/\/www.rzeczpospolita.pl\/\">http:\/\/www.rzeczpospolita.pl\/<\/a><\/p>\n","protected":false},"excerpt":{"rendered":"Wiceprezes TVP S\u0142awomir Siwek rozes\u0142a\u0142 do dyrektor&oacute;w o\u015brodk&oacute;w regionalnych pisma z poleceniem, by w jesiennej ram&oacute;wce wygospodarowali minimum 60 minut tygodniowo na programy katolickie. Tematyka audycji, produkowanych na koszt TVP, ma by\u0107 uzgadniana z lokalnymi biskupami &#8211; napisa\u0142 &#8222;Newsweek&#8221;.","protected":false},"author":1,"featured_media":46070,"comment_status":"open","ping_status":"closed","sticky":false,"template":"","format":"standard","meta":{"csco_display_header_overlay":false,"csco_singular_sidebar":"","csco_page_header_type":"","csco_page_load_nextpost":"","csco_post_video_location":[],"csco_post_video_location_hash":"","csco_post_video_url":"","csco_post_video_bg_start_time":0,"csco_post_video_bg_end_time":0,"footnotes":""},"categories":[9670],"tags":[392],"class_list":{"0":"post-46069","1":"post","2":"type-post","3":"status-publish","4":"format-standard","5":"has-post-thumbnail","7":"category-tv","8":"tag-tvp","9":"cs-entry","10":"cs-video-wrap"},"_links":{"self":[{"href":"https:\/\/mediarun.com\/pl\/wp-json\/wp\/v2\/posts\/46069","targetHints":{"allow":["GET"]}}],"collection":[{"href":"https:\/\/mediarun.com\/pl\/wp-json\/wp\/v2\/posts"}],"about":[{"href":"https:\/\/mediarun.com\/pl\/wp-json\/wp\/v2\/types\/post"}],"author":[{"embeddable":true,"href":"https:\/\/mediarun.com\/pl\/wp-json\/wp\/v2\/users\/1"}],"replies":[{"embeddable":true,"href":"https:\/\/mediarun.com\/pl\/wp-json\/wp\/v2\/comments?post=46069"}],"version-history":[{"count":0,"href":"https:\/\/mediarun.com\/pl\/wp-json\/wp\/v2\/posts\/46069\/revisions"}],"wp:featuredmedia":[{"embeddable":true,"href":"https:\/\/mediarun.com\/pl\/wp-json\/wp\/v2\/media\/46070"}],"wp:attachment":[{"href":"https:\/\/mediarun.com\/pl\/wp-json\/wp\/v2\/media?parent=46069"}],"wp:term":[{"taxonomy":"category","embeddable":true,"href":"https:\/\/mediarun.com\/pl\/wp-json\/wp\/v2\/categories?post=46069"},{"taxonomy":"post_tag","embeddable":true,"href":"https:\/\/mediarun.com\/pl\/wp-json\/wp\/v2\/tags?post=46069"}],"curies":[{"name":"wp","href":"https:\/\/api.w.org\/{rel}","templated":true}]}}