{"id":45926,"date":"2008-09-17T16:53:55","date_gmt":"2008-09-17T14:53:55","guid":{"rendered":"https:\/\/mediarun.com\/index.php\/news-posts\/order-paderewskiego-z-e-bay-do-msz\/"},"modified":"2008-09-17T16:53:55","modified_gmt":"2008-09-17T14:53:55","slug":"order-paderewskiego-z-e-bay-do-msz","status":"publish","type":"post","link":"https:\/\/mediarun.com\/pl\/digital\/internet\/order-paderewskiego-z-e-bay-do-msz.html","title":{"rendered":"Order Paderewskiego z e-Bay do MSZ"},"content":{"rendered":"<p>Wed\u0142ug informacji Gazety do transakcji dosz\u0142o we wtorek wieczorem. Order zosta\u0142 kupiony na e-Bay od polonijnego kolekcjonera z Kalifornii za sum\u0119 6999 dolar&oacute;w ameryka\u0144skich. Przed ostateczn\u0105 decyzj\u0105 ministerstwo konsultowa\u0142o si\u0119 z ekspertami z Muzeum Narodowego.<\/p>\n<p>Wi\u0119cej na <a href=\"http:\/\/http:\/\/www.wyborcza.pl\">http:\/\/www.wyborcza.pl<\/a><\/p>\n","protected":false},"excerpt":{"rendered":"Polski MSZ kupi\u0142 na aukcji internetowej Order Or\u0142a Bia\u0142ego z czas&oacute;w saskich, kt&oacute;ry nale\u017ca\u0142 kiedy\u015b do wybitnego pianisty, kompozytora i polityka &#8211; dowiedzia\u0142a si\u0119 Gazeta Wyborcza.","protected":false},"author":1,"featured_media":45927,"comment_status":"open","ping_status":"closed","sticky":false,"template":"","format":"standard","meta":{"csco_display_header_overlay":false,"csco_singular_sidebar":"","csco_page_header_type":"","csco_page_load_nextpost":"","csco_post_video_location":[],"csco_post_video_location_hash":"","csco_post_video_url":"","csco_post_video_bg_start_time":0,"csco_post_video_bg_end_time":0,"footnotes":""},"categories":[9676],"tags":[1510],"class_list":{"0":"post-45926","1":"post","2":"type-post","3":"status-publish","4":"format-standard","5":"has-post-thumbnail","7":"category-internet","8":"tag-ebay","9":"cs-entry","10":"cs-video-wrap"},"_links":{"self":[{"href":"https:\/\/mediarun.com\/pl\/wp-json\/wp\/v2\/posts\/45926","targetHints":{"allow":["GET"]}}],"collection":[{"href":"https:\/\/mediarun.com\/pl\/wp-json\/wp\/v2\/posts"}],"about":[{"href":"https:\/\/mediarun.com\/pl\/wp-json\/wp\/v2\/types\/post"}],"author":[{"embeddable":true,"href":"https:\/\/mediarun.com\/pl\/wp-json\/wp\/v2\/users\/1"}],"replies":[{"embeddable":true,"href":"https:\/\/mediarun.com\/pl\/wp-json\/wp\/v2\/comments?post=45926"}],"version-history":[{"count":0,"href":"https:\/\/mediarun.com\/pl\/wp-json\/wp\/v2\/posts\/45926\/revisions"}],"wp:featuredmedia":[{"embeddable":true,"href":"https:\/\/mediarun.com\/pl\/wp-json\/wp\/v2\/media\/45927"}],"wp:attachment":[{"href":"https:\/\/mediarun.com\/pl\/wp-json\/wp\/v2\/media?parent=45926"}],"wp:term":[{"taxonomy":"category","embeddable":true,"href":"https:\/\/mediarun.com\/pl\/wp-json\/wp\/v2\/categories?post=45926"},{"taxonomy":"post_tag","embeddable":true,"href":"https:\/\/mediarun.com\/pl\/wp-json\/wp\/v2\/tags?post=45926"}],"curies":[{"name":"wp","href":"https:\/\/api.w.org\/{rel}","templated":true}]}}