{"id":45651,"date":"2008-09-24T16:50:06","date_gmt":"2008-09-24T14:50:06","guid":{"rendered":"https:\/\/mediarun.com\/index.php\/news-posts\/garou-odwiedzi-fabryke-gwiazd\/"},"modified":"2008-09-24T16:50:06","modified_gmt":"2008-09-24T14:50:06","slug":"garou-odwiedzi-fabryke-gwiazd","status":"publish","type":"post","link":"https:\/\/mediarun.com\/pl\/media\/tv\/garou-odwiedzi-fabryke-gwiazd.html","title":{"rendered":"Garou odwiedzi &#8222;Fabryk\u0119 gwiazd&#8221;"},"content":{"rendered":"<p>Piosenkarz porozmawia z mieszka\u0144cami Akademii, udzieli cennych muzycznych wskaz&oacute;wek oraz wr\u0119czy im swoj\u0105 ostatni\u0105 p\u0142yt\u0119 &#8222;Piece Of My Soul&#8221; z autografem. <\/p>\n<p>W 2002 roku Garou wyst\u0105pi\u0142 po raz pierwszy w Polsce &#8211; na festiwalu w Sopocie. Jego debiutancka p\u0142yta &#8222;Seul&#8221; sprzeda\u0142a si\u0119 w naszym kraju w liczbie ponad 100 tysi\u0119cy egzemplarzy. Ostatni album artysty to angloj\u0119zyczny kr\u0105\u017cek &#8211; &#8222;Piece Of My Soul&#8221;.<\/p>\n<p>Pierwszy odcinek &#8222;Fabryki Gwiazd&#8221; obejrza\u0142o w Polsacie w miniony pi\u0105tek 3,13 mln widz&oacute;w (\u017ar&oacute;d\u0142o: AGB Nielsen Media Research).<\/p>\n","protected":false},"excerpt":{"rendered":"6 pa\u017adziernika kanadyjski wokalista Garou spotka si\u0119 z uczestnikami &#8222;Fabryki Gwiazd&#8221;.","protected":false},"author":1,"featured_media":45652,"comment_status":"open","ping_status":"closed","sticky":false,"template":"","format":"standard","meta":{"csco_display_header_overlay":false,"csco_singular_sidebar":"","csco_page_header_type":"","csco_page_load_nextpost":"","csco_post_video_location":[],"csco_post_video_location_hash":"","csco_post_video_url":"","csco_post_video_bg_start_time":0,"csco_post_video_bg_end_time":0,"footnotes":""},"categories":[9670],"tags":[97],"class_list":{"0":"post-45651","1":"post","2":"type-post","3":"status-publish","4":"format-standard","5":"has-post-thumbnail","7":"category-tv","8":"tag-polsat","9":"cs-entry","10":"cs-video-wrap"},"_links":{"self":[{"href":"https:\/\/mediarun.com\/pl\/wp-json\/wp\/v2\/posts\/45651","targetHints":{"allow":["GET"]}}],"collection":[{"href":"https:\/\/mediarun.com\/pl\/wp-json\/wp\/v2\/posts"}],"about":[{"href":"https:\/\/mediarun.com\/pl\/wp-json\/wp\/v2\/types\/post"}],"author":[{"embeddable":true,"href":"https:\/\/mediarun.com\/pl\/wp-json\/wp\/v2\/users\/1"}],"replies":[{"embeddable":true,"href":"https:\/\/mediarun.com\/pl\/wp-json\/wp\/v2\/comments?post=45651"}],"version-history":[{"count":0,"href":"https:\/\/mediarun.com\/pl\/wp-json\/wp\/v2\/posts\/45651\/revisions"}],"wp:featuredmedia":[{"embeddable":true,"href":"https:\/\/mediarun.com\/pl\/wp-json\/wp\/v2\/media\/45652"}],"wp:attachment":[{"href":"https:\/\/mediarun.com\/pl\/wp-json\/wp\/v2\/media?parent=45651"}],"wp:term":[{"taxonomy":"category","embeddable":true,"href":"https:\/\/mediarun.com\/pl\/wp-json\/wp\/v2\/categories?post=45651"},{"taxonomy":"post_tag","embeddable":true,"href":"https:\/\/mediarun.com\/pl\/wp-json\/wp\/v2\/tags?post=45651"}],"curies":[{"name":"wp","href":"https:\/\/api.w.org\/{rel}","templated":true}]}}