{"id":45573,"date":"2008-09-26T12:03:00","date_gmt":"2008-09-26T10:03:00","guid":{"rendered":"https:\/\/mediarun.com\/index.php\/news-posts\/murawski-nie-jest-juz-prezesem-wp-pl\/"},"modified":"2008-09-26T12:03:00","modified_gmt":"2008-09-26T10:03:00","slug":"murawski-nie-jest-juz-prezesem-wp-pl","status":"publish","type":"post","link":"https:\/\/mediarun.com\/pl\/ludzie\/awanse\/murawski-nie-jest-juz-prezesem-wp-pl.html","title":{"rendered":"Murawski nie jest ju\u017c prezesem WP.pl"},"content":{"rendered":"<p>Nowy prezes zosta\u0142 powo\u0142any na stanowisko w wyniku obrad rad nadzorczych Telekomunikacji Polskiej i Wirtualnej Polski, na kt&oacute;rych ze stanowiska odwo\u0142ano Jacka Murawskiego. Tomasiak zwi\u0105zany jest z Grup\u0105 TP od 2007 roku. Dotychczas zajmowa\u0142 stanowisko dyrektora ds. techniki.<\/p>\n<p>Na wniosek prezesa TP, Macieja Wituckiego, nowym cz\u0142onkiem zarz\u0105du TP ds. strategii korporacyjnej i rozwoju biznesu zosta\u0142 Ireneusz Piecuch a cz\u0142onkiem zarz\u0105du TP ds. operacyjnych &#8211; Piotr Muszy\u0144ski. <\/p>\n<p>Z funkcji cz\u0142onka Rady Nadzorczej TP zrezygnowa\u0142 Michel Monzani, za\u015b do sk\u0142adu rady powo\u0142any zosta\u0142 Olivier Faure.<\/p>\n","protected":false},"excerpt":{"rendered":"25 wrze\u015bnia br. prezesem portalu Wirtualna Polska zosta\u0142 Grzegorz Tomasiak.","protected":false},"author":1,"featured_media":45574,"comment_status":"open","ping_status":"closed","sticky":false,"template":"","format":"standard","meta":{"csco_display_header_overlay":false,"csco_singular_sidebar":"","csco_page_header_type":"","csco_page_load_nextpost":"","csco_post_video_location":[],"csco_post_video_location_hash":"","csco_post_video_url":"","csco_post_video_bg_start_time":0,"csco_post_video_bg_end_time":0,"footnotes":""},"categories":[9678],"tags":[289,594],"class_list":{"0":"post-45573","1":"post","2":"type-post","3":"status-publish","4":"format-standard","5":"has-post-thumbnail","7":"category-awanse","8":"tag-tpsa","9":"tag-wirtualna-polska","10":"cs-entry","11":"cs-video-wrap"},"_links":{"self":[{"href":"https:\/\/mediarun.com\/pl\/wp-json\/wp\/v2\/posts\/45573","targetHints":{"allow":["GET"]}}],"collection":[{"href":"https:\/\/mediarun.com\/pl\/wp-json\/wp\/v2\/posts"}],"about":[{"href":"https:\/\/mediarun.com\/pl\/wp-json\/wp\/v2\/types\/post"}],"author":[{"embeddable":true,"href":"https:\/\/mediarun.com\/pl\/wp-json\/wp\/v2\/users\/1"}],"replies":[{"embeddable":true,"href":"https:\/\/mediarun.com\/pl\/wp-json\/wp\/v2\/comments?post=45573"}],"version-history":[{"count":0,"href":"https:\/\/mediarun.com\/pl\/wp-json\/wp\/v2\/posts\/45573\/revisions"}],"wp:featuredmedia":[{"embeddable":true,"href":"https:\/\/mediarun.com\/pl\/wp-json\/wp\/v2\/media\/45574"}],"wp:attachment":[{"href":"https:\/\/mediarun.com\/pl\/wp-json\/wp\/v2\/media?parent=45573"}],"wp:term":[{"taxonomy":"category","embeddable":true,"href":"https:\/\/mediarun.com\/pl\/wp-json\/wp\/v2\/categories?post=45573"},{"taxonomy":"post_tag","embeddable":true,"href":"https:\/\/mediarun.com\/pl\/wp-json\/wp\/v2\/tags?post=45573"}],"curies":[{"name":"wp","href":"https:\/\/api.w.org\/{rel}","templated":true}]}}