{"id":44687,"date":"2008-10-22T13:38:52","date_gmt":"2008-10-22T11:38:52","guid":{"rendered":"https:\/\/mediarun.com\/index.php\/news-posts\/fotka-pl-bedzie-prezentowac-seriale\/"},"modified":"2008-10-22T13:38:52","modified_gmt":"2008-10-22T11:38:52","slug":"fotka-pl-bedzie-prezentowac-seriale","status":"publish","type":"post","link":"https:\/\/mediarun.com\/pl\/digital\/internet\/fotka-pl-bedzie-prezentowac-seriale.html","title":{"rendered":"Fotka.pl b\u0119dzie prezentowa\u0107 seriale"},"content":{"rendered":"<p>Porozumienie obejmuje wsp&oacute;\u0142prac\u0119 w zakresie dystrybucji materia\u0142&oacute;w video, a pierwsze produkcje A2 Multimedia dost\u0119pne s\u0105 na portalu Fotka.tv od 22 pa\u017adziernika.<\/p>\n<p>&#8211; Dzi\u0119ki tej wsp&oacute;\u0142pracy, u\u017cytkownicy Fotka.pl otrzymaj\u0105 dodatkowe funkcjonalno\u015bci a A2 Multimedia poszerzy zasi\u0119g co na pewno prze\u0142o\u017cy si\u0119 na przychody reklamowe obu stron &#8211; zapowiada Rafa\u0142 Agnieszczak, prezes sp&oacute;\u0142ki Interaktywna Sp. z o.o., do kt&oacute;rej nale\u017cy serwis spo\u0142eczno\u015bciowy Fotka.pl.<\/p>\n<p>Platforma nale\u017c\u0105ca do Grupy Fotka.pl b\u0119dzie prezentowa\u0142a najciekawsze internetowe formaty wideo.<\/p>\n","protected":false},"excerpt":{"rendered":"Seriale &#8222;Waga&#8221;, &#8222;\u0141azienka&#8221; i &#8222;Blog obok&#8221;, produkowane przez A2 Multimedia, b\u0119d\u0105 redystrybuowane w nowym serwisie Fotka.tv.","protected":false},"author":1,"featured_media":44688,"comment_status":"open","ping_status":"closed","sticky":false,"template":"","format":"standard","meta":{"csco_display_header_overlay":false,"csco_singular_sidebar":"","csco_page_header_type":"","csco_page_load_nextpost":"","csco_post_video_location":[],"csco_post_video_location_hash":"","csco_post_video_url":"","csco_post_video_bg_start_time":0,"csco_post_video_bg_end_time":0,"footnotes":""},"categories":[9676],"tags":[2223,1429],"class_list":{"0":"post-44687","1":"post","2":"type-post","3":"status-publish","4":"format-standard","5":"has-post-thumbnail","7":"category-internet","8":"tag-a2-multimedia","9":"tag-fotka-pl","10":"cs-entry","11":"cs-video-wrap"},"_links":{"self":[{"href":"https:\/\/mediarun.com\/pl\/wp-json\/wp\/v2\/posts\/44687","targetHints":{"allow":["GET"]}}],"collection":[{"href":"https:\/\/mediarun.com\/pl\/wp-json\/wp\/v2\/posts"}],"about":[{"href":"https:\/\/mediarun.com\/pl\/wp-json\/wp\/v2\/types\/post"}],"author":[{"embeddable":true,"href":"https:\/\/mediarun.com\/pl\/wp-json\/wp\/v2\/users\/1"}],"replies":[{"embeddable":true,"href":"https:\/\/mediarun.com\/pl\/wp-json\/wp\/v2\/comments?post=44687"}],"version-history":[{"count":0,"href":"https:\/\/mediarun.com\/pl\/wp-json\/wp\/v2\/posts\/44687\/revisions"}],"wp:featuredmedia":[{"embeddable":true,"href":"https:\/\/mediarun.com\/pl\/wp-json\/wp\/v2\/media\/44688"}],"wp:attachment":[{"href":"https:\/\/mediarun.com\/pl\/wp-json\/wp\/v2\/media?parent=44687"}],"wp:term":[{"taxonomy":"category","embeddable":true,"href":"https:\/\/mediarun.com\/pl\/wp-json\/wp\/v2\/categories?post=44687"},{"taxonomy":"post_tag","embeddable":true,"href":"https:\/\/mediarun.com\/pl\/wp-json\/wp\/v2\/tags?post=44687"}],"curies":[{"name":"wp","href":"https:\/\/api.w.org\/{rel}","templated":true}]}}