{"id":44334,"date":"2008-11-03T13:01:47","date_gmt":"2008-11-03T12:01:47","guid":{"rendered":"https:\/\/mediarun.com\/index.php\/news-posts\/tbwa-obraza-lewisa-hamiltona\/"},"modified":"2008-11-03T13:01:47","modified_gmt":"2008-11-03T12:01:47","slug":"tbwa-obraza-lewisa-hamiltona","status":"publish","type":"post","link":"https:\/\/mediarun.com\/pl\/digital\/internet\/tbwa-obraza-lewisa-hamiltona.html","title":{"rendered":"TBWA obra\u017ca Lewisa Hamiltona"},"content":{"rendered":"<p>Strona Pincha la Rueda de Hamilton (&#8222;Przebij opon\u0119 Hamiltona&#8221;) sta\u0142\u0105 si\u0119 centrum rasistowskiej kampanii przeciwko tegorocznemu, najm\u0142odszemu w historii mistrzowi \u015bwiata Formu\u0142y 1.<\/p>\n<p>Kierowca McLarena, kt&oacute;ry w brazylijskim Grand Prix zaj\u0105\u0142 pi\u0105te miejsce pozbawiaj\u0105c tym samym nadziei na tytu\u0142 Felipe Massa z teamu Ferrari, sta\u0142 si\u0119 obiektem rasistowskich atak&oacute;w na stronie nale\u017c\u0105cej do agencji TBWA. Internauci odwiedzaj\u0105cy Pincha la Rueda de Hamilton zostawiali na torze Interlagos wirtualne pinezki oraz niewybredne komentarze dotycz\u0105ce obecnego mistrza F1. &#8211; Oczywi\u015bcie nie akceptujemy tre\u015bci, kt&oacute;re pojawi\u0142y si\u0119 na stronie &#8211; t\u0142umaczy Jeremy Miller, rzecznik TBWANew York. &#8211; Nie wiem czy by\u0142a ona moderowana. <\/p>\n<p>Lewis Hamilton ju\u017c nie po raz pierwszy jest obiektem rasistowskich atak&oacute;w, szczeg&oacute;lnie ze strony hiszpa\u0144skoj\u0119zycznych kibic&oacute;w. Podczas przedsezonowych test&oacute;w na Circuit de Catalunya pod Barcelon\u0105 grupa pomalowanych czarn\u0105 farb\u0105 kibic&oacute;w, w koszulkach z napisem &#8222;rodzina Hamiltona&#8221; wykrzykiwa\u0142a pod adresem kierowcy McLarena rasistowskie wyzwiska.&nbsp;<\/p>\n<p>TBWA zawiesi\u0142o dzia\u0142anie strony, obecnie stara si\u0119 zidentyfikowa\u0107 autor&oacute;w rasistowskich wpis&oacute;w.<\/p>\n","protected":false},"excerpt":{"rendered":"Agencja TBWA okaza\u0142a si\u0119 w\u0142a\u015bcicielem hiszpa\u0144skiej\nstrony, na kt&oacute;rej pojawi\u0142y si\u0119 rasistowskie ataki na mistrza F1 Lewisa\nHamiltona.","protected":false},"author":1,"featured_media":44335,"comment_status":"open","ping_status":"closed","sticky":false,"template":"","format":"standard","meta":{"csco_display_header_overlay":false,"csco_singular_sidebar":"","csco_page_header_type":"","csco_page_load_nextpost":"","csco_post_video_location":[],"csco_post_video_location_hash":"","csco_post_video_url":"","csco_post_video_bg_start_time":0,"csco_post_video_bg_end_time":0,"footnotes":""},"categories":[9676],"tags":[303],"class_list":{"0":"post-44334","1":"post","2":"type-post","3":"status-publish","4":"format-standard","5":"has-post-thumbnail","7":"category-internet","8":"tag-tbwa","9":"cs-entry","10":"cs-video-wrap"},"_links":{"self":[{"href":"https:\/\/mediarun.com\/pl\/wp-json\/wp\/v2\/posts\/44334","targetHints":{"allow":["GET"]}}],"collection":[{"href":"https:\/\/mediarun.com\/pl\/wp-json\/wp\/v2\/posts"}],"about":[{"href":"https:\/\/mediarun.com\/pl\/wp-json\/wp\/v2\/types\/post"}],"author":[{"embeddable":true,"href":"https:\/\/mediarun.com\/pl\/wp-json\/wp\/v2\/users\/1"}],"replies":[{"embeddable":true,"href":"https:\/\/mediarun.com\/pl\/wp-json\/wp\/v2\/comments?post=44334"}],"version-history":[{"count":0,"href":"https:\/\/mediarun.com\/pl\/wp-json\/wp\/v2\/posts\/44334\/revisions"}],"wp:featuredmedia":[{"embeddable":true,"href":"https:\/\/mediarun.com\/pl\/wp-json\/wp\/v2\/media\/44335"}],"wp:attachment":[{"href":"https:\/\/mediarun.com\/pl\/wp-json\/wp\/v2\/media?parent=44334"}],"wp:term":[{"taxonomy":"category","embeddable":true,"href":"https:\/\/mediarun.com\/pl\/wp-json\/wp\/v2\/categories?post=44334"},{"taxonomy":"post_tag","embeddable":true,"href":"https:\/\/mediarun.com\/pl\/wp-json\/wp\/v2\/tags?post=44334"}],"curies":[{"name":"wp","href":"https:\/\/api.w.org\/{rel}","templated":true}]}}