{"id":44332,"date":"2008-11-03T13:24:26","date_gmt":"2008-11-03T12:24:26","guid":{"rendered":"https:\/\/mediarun.com\/index.php\/news-posts\/matczak-zwolniony-z-tvp\/"},"modified":"2008-11-03T13:24:26","modified_gmt":"2008-11-03T12:24:26","slug":"matczak-zwolniony-z-tvp","status":"publish","type":"post","link":"https:\/\/mediarun.com\/pl\/media\/tv\/matczak-zwolniony-z-tvp.html","title":{"rendered":"Matczak zwolniony z TVP"},"content":{"rendered":"<p>Nieoficjalnym powodem zwolnienia dziennikarza by\u0142y prowadzone przez niego szkolenia medialne.<\/p>\n<p>Matczak wsp&oacute;\u0142pracowa\u0142 z TVP od 1992 roku. Przez ostatnie 2 lata odpowiada\u0142 za tworzenie redakcji program&oacute;w ekonomicznych w TVP Info. Po zako\u0144czonej 1 pa\u017adziernika br. pracy dla stacji mia\u0142 zosta\u0107 wydawc\u0105 &#8222;Panoramy&#8221;.<\/p>\n<p>Stanowisko Matczaka w TVP Info przej\u0105\u0142 Tomasz Sa\u0144pruch, dziennikarz TVP i w\u0142a\u015bciciel firmy Steo &#8211; Eksperci od wizerunku.<\/p>\n<p>Jak podaje Press, w obronie Matczaka stan\u0119\u0142o kilkudziesi\u0119ciu pracownik&oacute;w TVP Info, kt&oacute;rzy skierowali do dyrektor Agencji Informacji TV Aleksandry Zaw\u0142ockiej oficjalne pismo w tej sprawie.<\/p>\n","protected":false},"excerpt":{"rendered":"31 pa\u017adziernika S\u0142awomir Matczak zosta\u0142 zwolniony z Agencji Informacji Telewizji Polskiej.","protected":false},"author":1,"featured_media":44333,"comment_status":"open","ping_status":"closed","sticky":false,"template":"","format":"standard","meta":{"csco_display_header_overlay":false,"csco_singular_sidebar":"","csco_page_header_type":"","csco_page_load_nextpost":"","csco_post_video_location":[],"csco_post_video_location_hash":"","csco_post_video_url":"","csco_post_video_bg_start_time":0,"csco_post_video_bg_end_time":0,"footnotes":""},"categories":[9670],"tags":[1195],"class_list":{"0":"post-44332","1":"post","2":"type-post","3":"status-publish","4":"format-standard","5":"has-post-thumbnail","7":"category-tv","8":"tag-tvp-info","9":"cs-entry","10":"cs-video-wrap"},"_links":{"self":[{"href":"https:\/\/mediarun.com\/pl\/wp-json\/wp\/v2\/posts\/44332","targetHints":{"allow":["GET"]}}],"collection":[{"href":"https:\/\/mediarun.com\/pl\/wp-json\/wp\/v2\/posts"}],"about":[{"href":"https:\/\/mediarun.com\/pl\/wp-json\/wp\/v2\/types\/post"}],"author":[{"embeddable":true,"href":"https:\/\/mediarun.com\/pl\/wp-json\/wp\/v2\/users\/1"}],"replies":[{"embeddable":true,"href":"https:\/\/mediarun.com\/pl\/wp-json\/wp\/v2\/comments?post=44332"}],"version-history":[{"count":0,"href":"https:\/\/mediarun.com\/pl\/wp-json\/wp\/v2\/posts\/44332\/revisions"}],"wp:featuredmedia":[{"embeddable":true,"href":"https:\/\/mediarun.com\/pl\/wp-json\/wp\/v2\/media\/44333"}],"wp:attachment":[{"href":"https:\/\/mediarun.com\/pl\/wp-json\/wp\/v2\/media?parent=44332"}],"wp:term":[{"taxonomy":"category","embeddable":true,"href":"https:\/\/mediarun.com\/pl\/wp-json\/wp\/v2\/categories?post=44332"},{"taxonomy":"post_tag","embeddable":true,"href":"https:\/\/mediarun.com\/pl\/wp-json\/wp\/v2\/tags?post=44332"}],"curies":[{"name":"wp","href":"https:\/\/api.w.org\/{rel}","templated":true}]}}