{"id":44272,"date":"2008-11-04T15:29:06","date_gmt":"2008-11-04T14:29:06","guid":{"rendered":"https:\/\/mediarun.com\/index.php\/news-posts\/san-markos-zdobywa-budzet-malty\/"},"modified":"2008-11-04T15:29:06","modified_gmt":"2008-11-04T14:29:06","slug":"san-markos-zdobywa-budzet-malty","status":"publish","type":"post","link":"https:\/\/mediarun.com\/pl\/marketing\/atl\/san-markos-zdobywa-budzet-malty.html","title":{"rendered":"San Markos zdobywa bud\u017cet Malty"},"content":{"rendered":"<p>Zadaniem agencji b\u0119dzie zaprojektowanie dzia\u0142a\u0144 reklamowych, opracowanie strategii i linii kreatywnych, kt&oacute;re mo\u017cliwe b\u0119d\u0105 tak\u017ce do wykorzystania w kolejnych ods\u0142onach kampanii i wydarzeniach specjalnych.<\/p>\n<p>Celem komunikacji b\u0119dzie wprowadzenie Galerii Malta na rynek pozna\u0144ski i zbudowanie \u015bwiadomo\u015bci marki na polskim rynku.<\/p>\n<p>Grup\u0105 docelow\u0105 s\u0105 kobiety i m\u0119\u017cczy\u017ani w wieku 15-35, kt&oacute;rzy zwracaj\u0105 uwag\u0119 na marki, a od galerii oczekuj\u0105 nie tylko ciekawej oferty, ale i atrakcji, dzi\u0119ki kt&oacute;rym mo\u017cna mi\u0142o sp\u0119dzi\u0107 czas.<\/p>\n<p>Otwarcie galerii zaplanowano na marzec 2009 roku.<\/p>\n","protected":false},"excerpt":{"rendered":"Agencja reklamowa San Markos wygra\u0142a przetarg na przygotowanie i wdro\u017cenie ca\u0142okszta\u0142tu dzia\u0142a\u0144 reklamowych dla inwestycji Galeria Malta.","protected":false},"author":1,"featured_media":44273,"comment_status":"open","ping_status":"closed","sticky":false,"template":"","format":"standard","meta":{"csco_display_header_overlay":false,"csco_singular_sidebar":"","csco_page_header_type":"","csco_page_load_nextpost":"","csco_post_video_location":[],"csco_post_video_location_hash":"","csco_post_video_url":"","csco_post_video_bg_start_time":0,"csco_post_video_bg_end_time":0,"footnotes":""},"categories":[9642],"tags":[273],"class_list":{"0":"post-44272","1":"post","2":"type-post","3":"status-publish","4":"format-standard","5":"has-post-thumbnail","7":"category-atl","8":"tag-san-markos","9":"cs-entry","10":"cs-video-wrap"},"_links":{"self":[{"href":"https:\/\/mediarun.com\/pl\/wp-json\/wp\/v2\/posts\/44272","targetHints":{"allow":["GET"]}}],"collection":[{"href":"https:\/\/mediarun.com\/pl\/wp-json\/wp\/v2\/posts"}],"about":[{"href":"https:\/\/mediarun.com\/pl\/wp-json\/wp\/v2\/types\/post"}],"author":[{"embeddable":true,"href":"https:\/\/mediarun.com\/pl\/wp-json\/wp\/v2\/users\/1"}],"replies":[{"embeddable":true,"href":"https:\/\/mediarun.com\/pl\/wp-json\/wp\/v2\/comments?post=44272"}],"version-history":[{"count":0,"href":"https:\/\/mediarun.com\/pl\/wp-json\/wp\/v2\/posts\/44272\/revisions"}],"wp:featuredmedia":[{"embeddable":true,"href":"https:\/\/mediarun.com\/pl\/wp-json\/wp\/v2\/media\/44273"}],"wp:attachment":[{"href":"https:\/\/mediarun.com\/pl\/wp-json\/wp\/v2\/media?parent=44272"}],"wp:term":[{"taxonomy":"category","embeddable":true,"href":"https:\/\/mediarun.com\/pl\/wp-json\/wp\/v2\/categories?post=44272"},{"taxonomy":"post_tag","embeddable":true,"href":"https:\/\/mediarun.com\/pl\/wp-json\/wp\/v2\/tags?post=44272"}],"curies":[{"name":"wp","href":"https:\/\/api.w.org\/{rel}","templated":true}]}}