{"id":44140,"date":"2008-11-07T13:28:28","date_gmt":"2008-11-07T12:28:28","guid":{"rendered":"https:\/\/mediarun.com\/index.php\/news-posts\/eliza-panek-odchodzi-z-grupy-zywiec\/"},"modified":"2008-11-07T13:28:28","modified_gmt":"2008-11-07T12:28:28","slug":"eliza-panek-odchodzi-z-grupy-zywiec","status":"publish","type":"post","link":"https:\/\/mediarun.com\/pl\/ludzie\/awanse\/eliza-panek-odchodzi-z-grupy-zywiec.html","title":{"rendered":"Eliza Panek odchodzi z Grupy \u017bywiec"},"content":{"rendered":"<p>Funkcj\u0119 rzecznika b\u0119dzie pe\u0142ni\u0142a do ko\u0144ca listopada br.<\/p>\n<p>W Grupie \u017bywiec Panek pracowa\u0142a m.in. przy przygotowaniu i wdro\u017ceniu jednolitego systemu komunikacji wewn\u0119trznej i zewn\u0119trznej. Zajmowa\u0142a si\u0119 komunikacj\u0105 zewn\u0119trzn\u0105 i PR. Przez ostatnie pi\u0119\u0107 lat jej praca koncentrowa\u0142a si\u0119 na relacjach z mediami.<\/p>\n<p>Panek nie ujawnia swoich dalszych plan&oacute;w zawodowych.<\/p>\n","protected":false},"excerpt":{"rendered":"Eliza Panek, dotychczasowy rzecznik prasowy Grupy \u017bywiec, po dziesi\u0119ciu latach pracy odchodzi z firmy.","protected":false},"author":1,"featured_media":44141,"comment_status":"open","ping_status":"closed","sticky":false,"template":"","format":"standard","meta":{"csco_display_header_overlay":false,"csco_singular_sidebar":"","csco_page_header_type":"","csco_page_load_nextpost":"","csco_post_video_location":[],"csco_post_video_location_hash":"","csco_post_video_url":"","csco_post_video_bg_start_time":0,"csco_post_video_bg_end_time":0,"footnotes":""},"categories":[9678],"tags":[84],"class_list":{"0":"post-44140","1":"post","2":"type-post","3":"status-publish","4":"format-standard","5":"has-post-thumbnail","7":"category-awanse","8":"tag-grupa-zywiec","9":"cs-entry","10":"cs-video-wrap"},"_links":{"self":[{"href":"https:\/\/mediarun.com\/pl\/wp-json\/wp\/v2\/posts\/44140","targetHints":{"allow":["GET"]}}],"collection":[{"href":"https:\/\/mediarun.com\/pl\/wp-json\/wp\/v2\/posts"}],"about":[{"href":"https:\/\/mediarun.com\/pl\/wp-json\/wp\/v2\/types\/post"}],"author":[{"embeddable":true,"href":"https:\/\/mediarun.com\/pl\/wp-json\/wp\/v2\/users\/1"}],"replies":[{"embeddable":true,"href":"https:\/\/mediarun.com\/pl\/wp-json\/wp\/v2\/comments?post=44140"}],"version-history":[{"count":0,"href":"https:\/\/mediarun.com\/pl\/wp-json\/wp\/v2\/posts\/44140\/revisions"}],"wp:featuredmedia":[{"embeddable":true,"href":"https:\/\/mediarun.com\/pl\/wp-json\/wp\/v2\/media\/44141"}],"wp:attachment":[{"href":"https:\/\/mediarun.com\/pl\/wp-json\/wp\/v2\/media?parent=44140"}],"wp:term":[{"taxonomy":"category","embeddable":true,"href":"https:\/\/mediarun.com\/pl\/wp-json\/wp\/v2\/categories?post=44140"},{"taxonomy":"post_tag","embeddable":true,"href":"https:\/\/mediarun.com\/pl\/wp-json\/wp\/v2\/tags?post=44140"}],"curies":[{"name":"wp","href":"https:\/\/api.w.org\/{rel}","templated":true}]}}