{"id":43800,"date":"2008-11-19T16:32:24","date_gmt":"2008-11-19T15:32:24","guid":{"rendered":"https:\/\/mediarun.com\/index.php\/news-posts\/160-mln-zl-mniej-z-abonamentu-dla-krrit\/"},"modified":"2008-11-19T16:32:24","modified_gmt":"2008-11-19T15:32:24","slug":"160-mln-zl-mniej-z-abonamentu-dla-krrit","status":"publish","type":"post","link":"https:\/\/mediarun.com\/pl\/media\/tv\/160-mln-zl-mniej-z-abonamentu-dla-krrit.html","title":{"rendered":"160 mln z\u0142 mniej z abonamentu dla KRRiT"},"content":{"rendered":"<p>do ko\u0144ca roku ubytek ten wyniesie 175 mln z\u0142, co stanowi\u0107 b\u0119dzie ok. 20 proc. planowanych wp\u0142yw&oacute;w.<\/p>\n<p>160 mln z\u0142 mniej w stosunku do prognoz wp\u0142yn\u0119\u0142o w tym roku do kasy Krajowej Rady Radiofonii i Telewizji z tytu\u0142u op\u0142at abonamentowych.<\/p>\n<p>&#8222;W tej sytuacji pozostaje aktualny, wyra\u017cony w stanowisku z 26 czerwca 2008 roku, apel KRRiT do Prezesa Rady Ministr&oacute;w o podj\u0119cie dzia\u0142a\u0144 w celu skutecznej obrony medi&oacute;w publicznych przed nieuchronnym kryzysem finansowym oraz uzupe\u0142nienie niedoboru \u015brodk&oacute;w abonamentowych na drug\u0105 po\u0142ow\u0119 2008 roku i zapewnienie \u015brodk&oacute;w w bud\u017cecie na 2009 rok, kt&oacute;re zgodnie z ustaw\u0105 KRRiT przeka\u017ce mediom publicznym&#8221; &#8211; o\u015bwiadczy\u0142a Rada we wtorkowym komunikacie.<\/p>\n<p>Wed\u0142ug wylicze\u0144 KRRiT, najwi\u0119cej straci TVP &#8211; ponad 100 mln z\u0142, Polskie Radio &#8211; blisko 39 mln z\u0142, sp&oacute;\u0142ki regionalnej radiofonii publicznej &#8211; blisko 36 mln z\u0142.<\/p>\n<p>KRRiT szacuje te\u017c, \u017ce w przysz\u0142ym roku (bez uwzgl\u0119dnienia skutk&oacute;w nowelizacji ustawy o op\u0142atach abonamentowych) wp\u0142ywy abonamentowe b\u0119d\u0105 ni\u017csze o oko\u0142o 288 mln z\u0142, czyli wynios\u0105 oko\u0142o 603 mln z\u0142.<\/p>\n","protected":false},"excerpt":{"rendered":"160 mln z\u0142 mniej w stosunku do prognoz wp\u0142yn\u0119\u0142o w tym roku do kasy Krajowej Rady Radiofonii i Telewizji z tytu\u0142u op\u0142at abonamentowych. Wed\u0142ug szacunk&oacute;w KRRiT,&#8230;","protected":false},"author":1,"featured_media":43801,"comment_status":"open","ping_status":"closed","sticky":false,"template":"","format":"standard","meta":{"csco_display_header_overlay":false,"csco_singular_sidebar":"","csco_page_header_type":"","csco_page_load_nextpost":"","csco_post_video_location":[],"csco_post_video_location_hash":"","csco_post_video_url":"","csco_post_video_bg_start_time":0,"csco_post_video_bg_end_time":0,"footnotes":""},"categories":[9670],"tags":[407],"class_list":{"0":"post-43800","1":"post","2":"type-post","3":"status-publish","4":"format-standard","5":"has-post-thumbnail","7":"category-tv","8":"tag-krrit","9":"cs-entry","10":"cs-video-wrap"},"_links":{"self":[{"href":"https:\/\/mediarun.com\/pl\/wp-json\/wp\/v2\/posts\/43800","targetHints":{"allow":["GET"]}}],"collection":[{"href":"https:\/\/mediarun.com\/pl\/wp-json\/wp\/v2\/posts"}],"about":[{"href":"https:\/\/mediarun.com\/pl\/wp-json\/wp\/v2\/types\/post"}],"author":[{"embeddable":true,"href":"https:\/\/mediarun.com\/pl\/wp-json\/wp\/v2\/users\/1"}],"replies":[{"embeddable":true,"href":"https:\/\/mediarun.com\/pl\/wp-json\/wp\/v2\/comments?post=43800"}],"version-history":[{"count":0,"href":"https:\/\/mediarun.com\/pl\/wp-json\/wp\/v2\/posts\/43800\/revisions"}],"wp:featuredmedia":[{"embeddable":true,"href":"https:\/\/mediarun.com\/pl\/wp-json\/wp\/v2\/media\/43801"}],"wp:attachment":[{"href":"https:\/\/mediarun.com\/pl\/wp-json\/wp\/v2\/media?parent=43800"}],"wp:term":[{"taxonomy":"category","embeddable":true,"href":"https:\/\/mediarun.com\/pl\/wp-json\/wp\/v2\/categories?post=43800"},{"taxonomy":"post_tag","embeddable":true,"href":"https:\/\/mediarun.com\/pl\/wp-json\/wp\/v2\/tags?post=43800"}],"curies":[{"name":"wp","href":"https:\/\/api.w.org\/{rel}","templated":true}]}}