{"id":43780,"date":"2008-11-20T11:21:48","date_gmt":"2008-11-20T10:21:48","guid":{"rendered":"https:\/\/mediarun.com\/index.php\/news-posts\/truls-velgaard-nowym-prezesem-mecomu-sprost\/"},"modified":"2008-11-20T11:21:48","modified_gmt":"2008-11-20T10:21:48","slug":"truls-velgaard-nowym-prezesem-mecomu-sprost","status":"publish","type":"post","link":"https:\/\/mediarun.com\/pl\/media\/tv\/truls-velgaard-nowym-prezesem-mecomu-sprost.html","title":{"rendered":"Truls Velgaard nowym prezesem Mecomu (sprost.)"},"content":{"rendered":"<p>Zmianie ulega te\u017c tre\u015b\u0107 pierwszych sze\u015bciu akapit&oacute;w:<\/p>\n<p>&#8222;Truls Velgaard, kieruj\u0105cy dotychczas polskim obszarem Mecom Group, zosta\u0142 prezesem zarz\u0105du koncernu medialnego Mecom Group &#8211; informuj\u0105 w \u015brod\u0119 norweskie media.<\/p>\n<p>Wed\u0142ug tych informacji brytyjski koncern, w\u0142a\u015bciciel 51 proc. udzia\u0142&oacute;w w sp&oacute;\u0142ce wydawniczej Presspublika, wydaj\u0105cej m.in. dziennik &#8222;Rzeczpospolita&#8221;, prze\u017cywa powa\u017cne k\u0142opoty finansowe, a jego warto\u015b\u0107 na londy\u0144skiej gie\u0142dzie spad\u0142a o 17 procent.<\/p>\n<p>Tym te\u017c ma by\u0107 podyktowana zmiana na stanowisku prezesa zarz\u0105du. Velgaard jest prezesem Presspubliki oraz grupy Media Regionalne.<\/p>\n<p>Portal ekonomiczny &#8222;E24 Naeringsliv&#8221; doni&oacute;s\u0142, \u017ce dotychczasowy prezes koncernu i jego tw&oacute;rca David Montgomery pozostanie w zarz\u0105dzie, koncentruj\u0105c si\u0119 na problemach finansowych.<\/p>\n<p>Velgaard obj\u0105\u0142 te\u017c osobisty nadz&oacute;r nad Edda Media, norwesk\u0105 sp&oacute;\u0142k\u0105 koncernu, o czym poinformowa\u0142 w wydaniu internetowym bran\u017cowy norweski magazyn medialny &#8222;Kampanje&#8221;.<\/p>\n<p>R&oacute;wnocze\u015bnie trwa poszukiwanie nabywcy na Edda Media. Zdaniem norweskich komentator&oacute;w mo\u017cna si\u0119 spodziewa\u0107 podobnych posuni\u0119\u0107 r&oacute;wnie\u017c w stosunku szeregu sp&oacute;\u0142ek w innych krajach.&#8221;<\/p>\n<p>poprawnie powinny brzmie\u0107:<\/p>\n<p>&#8222;Truls Velgaard, kieruj\u0105cy dotychczas polskim obszarem brytyjskiej grupy wydawniczej Mecom Group, stanie na czele zarz\u0105du norweskiej grupy medialnej Edda Media, wchodz\u0105cej w sk\u0142ad tego koncernu.<\/p>\n<p>Mecom Group, b\u0119d\u0105cy w\u0142a\u015bcicielem 51 proc. udzia\u0142&oacute;w w sp&oacute;\u0142ce Presspublika, publikuj\u0105cej m.in. dziennik &#8222;Rzeczpospolita&#8221;, prze\u017cywa powa\u017cne k\u0142opoty finansowe a jego warto\u015b\u0107 na londy\u0144skiej gie\u0142dzie spad\u0142a o ponad 17 proc. &#8211; podaj\u0105 media w Norwegii.<\/p>\n<p>Tym te\u017c jest zapewne podyktowana zmiana na czele zarz\u0105du Edda Media, kt&oacute;re zajmowa\u0142 do tej pory prezes i tw&oacute;rca ca\u0142ego koncernu David Montgomery.<\/p>\n<p>Jak podawa\u0142 norweski portal ekonomiczny &#8222;E24 Naeringsliv&#8221;, &#8222;David Montgomery odszed\u0142 ze stanowiska prezesa Mecom i ma skoncentrowa\u0107 si\u0119 na obowi\u0105zkach dyrektora administracyjnego. Przed prawie tygodniem wycofa\u0142 si\u0119 on te\u017c jako prezes Edda Media. Ta praca b\u0119dzie przekazana szefowi (polskiego obszaru) Trulsowi Vegaardowi, na kt&oacute;rego z\u0142o\u017cono pe\u0142n\u0105 odpowiedzialno\u015b\u0107 za prac\u0119 norweskiej grupy&#8221;.<\/p>\n<p>R&oacute;wnocze\u015bnie trwa poszukiwanie nabywcy Edda Media, o czym informuje w wydaniu internetowym bran\u017cowy norweski magazyn medialny &#8222;Kampanje&#8221;.<\/p>\n<p>Poda\u0142 on w czwartek, \u017ce Mecom chce sprzeda\u0107 co najmniej 75 procent swych udzia\u0142&oacute;w w Edda Media. Zdaniem norweskich komentator&oacute;w mo\u017cna si\u0119 spodziewa\u0107 podobnych posuni\u0119\u0107 r&oacute;wnie\u017c w stosunku szeregu sp&oacute;\u0142ek w innych krajach&#8221;.<\/p>\n<p>Przepraszamy &#8211; Redakcja Serwis&oacute;w Informacyjnych PAP.<\/p>\n","protected":false},"excerpt":{"rendered":"Tytu\u0142 wiadomo\u015bci o zmianach personalnych w koncernie Mecom powinien poprawnie brzmie\u0107:Truls Velgaard obejmuje kierownictwo norweskiej grupy Edda Media.","protected":false},"author":1,"featured_media":43781,"comment_status":"open","ping_status":"closed","sticky":false,"template":"","format":"standard","meta":{"csco_display_header_overlay":false,"csco_singular_sidebar":"","csco_page_header_type":"","csco_page_load_nextpost":"","csco_post_video_location":[],"csco_post_video_location_hash":"","csco_post_video_url":"","csco_post_video_bg_start_time":0,"csco_post_video_bg_end_time":0,"footnotes":""},"categories":[9670],"tags":[2666],"class_list":{"0":"post-43780","1":"post","2":"type-post","3":"status-publish","4":"format-standard","5":"has-post-thumbnail","7":"category-tv","8":"tag-mecom","9":"cs-entry","10":"cs-video-wrap"},"_links":{"self":[{"href":"https:\/\/mediarun.com\/pl\/wp-json\/wp\/v2\/posts\/43780","targetHints":{"allow":["GET"]}}],"collection":[{"href":"https:\/\/mediarun.com\/pl\/wp-json\/wp\/v2\/posts"}],"about":[{"href":"https:\/\/mediarun.com\/pl\/wp-json\/wp\/v2\/types\/post"}],"author":[{"embeddable":true,"href":"https:\/\/mediarun.com\/pl\/wp-json\/wp\/v2\/users\/1"}],"replies":[{"embeddable":true,"href":"https:\/\/mediarun.com\/pl\/wp-json\/wp\/v2\/comments?post=43780"}],"version-history":[{"count":0,"href":"https:\/\/mediarun.com\/pl\/wp-json\/wp\/v2\/posts\/43780\/revisions"}],"wp:featuredmedia":[{"embeddable":true,"href":"https:\/\/mediarun.com\/pl\/wp-json\/wp\/v2\/media\/43781"}],"wp:attachment":[{"href":"https:\/\/mediarun.com\/pl\/wp-json\/wp\/v2\/media?parent=43780"}],"wp:term":[{"taxonomy":"category","embeddable":true,"href":"https:\/\/mediarun.com\/pl\/wp-json\/wp\/v2\/categories?post=43780"},{"taxonomy":"post_tag","embeddable":true,"href":"https:\/\/mediarun.com\/pl\/wp-json\/wp\/v2\/tags?post=43780"}],"curies":[{"name":"wp","href":"https:\/\/api.w.org\/{rel}","templated":true}]}}