{"id":43728,"date":"2008-11-21T10:49:29","date_gmt":"2008-11-21T09:49:29","guid":{"rendered":"https:\/\/mediarun.com\/index.php\/news-posts\/piotr-farfal-z-zarzadu-tvp-zawieszony-w-obowiazkach\/"},"modified":"2008-11-21T10:49:29","modified_gmt":"2008-11-21T09:49:29","slug":"piotr-farfal-z-zarzadu-tvp-zawieszony-w-obowiazkach","status":"publish","type":"post","link":"https:\/\/mediarun.com\/pl\/media\/tv\/piotr-farfal-z-zarzadu-tvp-zawieszony-w-obowiazkach.html","title":{"rendered":"Piotr Farfa\u0142 z zarz\u0105du TVP zawieszony w obowi\u0105zkach"},"content":{"rendered":"<p>Wniosek o zawieszenie Farfa\u0142a zg\u0142osi\u0142 szef rady nadzorczej Janusz Niedziela, kt&oacute;ry wcze\u015bniej bez skutku dwukrotnie wnioskowa\u0142 o jego odwo\u0142anie.<\/p>\n<p>Farfa\u0142 jest cz\u0142onkiem zarz\u0105du TVP od maja 2006 r. Wcze\u015bniej by\u0142 cz\u0142onkiem M\u0142odzie\u017cy Wszechpolskiej, z cz\u0142onkostwa w kt&oacute;rej zrezygnowa\u0142 w styczniu 2006 r., kiedy zosta\u0142 wiceprezesem Wojew&oacute;dzkiego Funduszu Ochrony \u015arodowiska w Warszawie. By\u0142 te\u017c naczelnym pisma M\u0142odzie\u017cy Wszechpolskiej &#8211; Wszechpolak. W maju Farfa\u0142 przegra\u0142 proces, kt&oacute;ry wytoczy\u0142 Gazecie Wyborczej. S\u0105d orzek\u0142, \u017ce gazeta mia\u0142a prawo nazwa\u0107 go &#8222;by\u0142ym neonazist\u0105&#8221;.<\/p>\n","protected":false},"excerpt":{"rendered":"Rada nadzorcza TVP zawiesi\u0142a w czwartek cz\u0142onka zarz\u0105du sp&oacute;\u0142ki Piotra Farfa\u0142a.","protected":false},"author":1,"featured_media":43729,"comment_status":"open","ping_status":"closed","sticky":false,"template":"","format":"standard","meta":{"csco_display_header_overlay":false,"csco_singular_sidebar":"","csco_page_header_type":"","csco_page_load_nextpost":"","csco_post_video_location":[],"csco_post_video_location_hash":"","csco_post_video_url":"","csco_post_video_bg_start_time":0,"csco_post_video_bg_end_time":0,"footnotes":""},"categories":[9670],"tags":[202,434],"class_list":{"0":"post-43728","1":"post","2":"type-post","3":"status-publish","4":"format-standard","5":"has-post-thumbnail","7":"category-tv","8":"tag-gazeta-wyborcza","9":"tag-puls-biznesu","10":"cs-entry","11":"cs-video-wrap"},"_links":{"self":[{"href":"https:\/\/mediarun.com\/pl\/wp-json\/wp\/v2\/posts\/43728","targetHints":{"allow":["GET"]}}],"collection":[{"href":"https:\/\/mediarun.com\/pl\/wp-json\/wp\/v2\/posts"}],"about":[{"href":"https:\/\/mediarun.com\/pl\/wp-json\/wp\/v2\/types\/post"}],"author":[{"embeddable":true,"href":"https:\/\/mediarun.com\/pl\/wp-json\/wp\/v2\/users\/1"}],"replies":[{"embeddable":true,"href":"https:\/\/mediarun.com\/pl\/wp-json\/wp\/v2\/comments?post=43728"}],"version-history":[{"count":0,"href":"https:\/\/mediarun.com\/pl\/wp-json\/wp\/v2\/posts\/43728\/revisions"}],"wp:featuredmedia":[{"embeddable":true,"href":"https:\/\/mediarun.com\/pl\/wp-json\/wp\/v2\/media\/43729"}],"wp:attachment":[{"href":"https:\/\/mediarun.com\/pl\/wp-json\/wp\/v2\/media?parent=43728"}],"wp:term":[{"taxonomy":"category","embeddable":true,"href":"https:\/\/mediarun.com\/pl\/wp-json\/wp\/v2\/categories?post=43728"},{"taxonomy":"post_tag","embeddable":true,"href":"https:\/\/mediarun.com\/pl\/wp-json\/wp\/v2\/tags?post=43728"}],"curies":[{"name":"wp","href":"https:\/\/api.w.org\/{rel}","templated":true}]}}