{"id":43710,"date":"2008-11-21T12:44:41","date_gmt":"2008-11-21T11:44:41","guid":{"rendered":"https:\/\/mediarun.com\/index.php\/news-posts\/superstacja-w-nowych-rekach\/"},"modified":"2008-11-21T12:44:41","modified_gmt":"2008-11-21T11:44:41","slug":"superstacja-w-nowych-rekach","status":"publish","type":"post","link":"https:\/\/mediarun.com\/pl\/media\/tv\/superstacja-w-nowych-rekach.html","title":{"rendered":"Superstacja w nowych r\u0119kach?"},"content":{"rendered":"<p>Po fiasku rozm&oacute;w z Agor\u0105, kt&oacute;ra chcia\u0142a za 20 mln z\u0142 w got&oacute;wce kupi\u0107 pakiet 33 proc. udzia\u0142&oacute;w w kanale, raczej nie pojawi si\u0119 w nim nowy udzia\u0142owiec. Swoje zaanga\u017cowanie w Superstacj\u0119 chce za to zwi\u0119kszy\u0107 jeden z obecnych udzia\u0142owc&oacute;w &#8211; radomska sp&oacute;\u0142ka Ster, powi\u0105zana z Zygmuntem Solorzem-\u017bakiem. &ndash; Trwaj\u0105 rozmowy o przej\u0119ciu przez Ster kontrolnego pakietu w Superstacji &#8211; potwierdza &#8222;Rz&#8221; Ryszard Krajewski, prezes i za\u0142o\u017cyciel sp&oacute;\u0142ki.<\/p>\n<p>Obecnie Ster ma w niej po\u0142ow\u0119 udzia\u0142&oacute;w, reszta nale\u017cy do Krajewskiego. Kana\u0142 dzia\u0142a od dw&oacute;ch lat, jest jeszcze nierentowny i potrzebuje silnego inwestora. Wed\u0142ug informacji &#8222;Rz&#8221; Ster chce w nim mie\u0107 85 proc. udzia\u0142&oacute;w, a w przysz\u0142o\u015bci przej\u0105\u0107 Superstacj\u0119 w ca\u0142o\u015bci. Rozmowy w tej sprawie mog\u0105 si\u0119 sko\u0144czy\u0107 w przysz\u0142ym tygodniu.<\/p>\n<p>Do podpisania umowy z Agor\u0105 wed\u0142ug informacji &#8222;Rz&#8221; nie dosz\u0142o, bo Solorz-\u017bak nie chcia\u0142 si\u0119 zgodzi\u0107, by wydawca Gazety Wyborczej w przysz\u0142o\u015bci przej\u0105\u0142 kontrol\u0119 nad Superstacj\u0105. Obawia\u0142 si\u0119, \u017ce pod rz\u0105dami Agory kana\u0142 mo\u017ce zosta\u0107 konkurencj\u0105 jego informacyjnej stacji Polsat News.<\/p>\n<p>Wi\u0119cej na <a href=\"http:\/\/http:\/\/www.rzeczpospolita.pl\/\">http:\/\/www.rzeczpospolita.pl\/<\/a><\/p>\n","protected":false},"excerpt":{"rendered":"Powi\u0105zana z Zygmuntem Solorzem-\u017bakiem sp&oacute;\u0142ka zamierza zdoby\u0107 pakiet kontrolny Superstacji.","protected":false},"author":1,"featured_media":43711,"comment_status":"open","ping_status":"closed","sticky":false,"template":"","format":"standard","meta":{"csco_display_header_overlay":false,"csco_singular_sidebar":"","csco_page_header_type":"","csco_page_load_nextpost":"","csco_post_video_location":[],"csco_post_video_location_hash":"","csco_post_video_url":"","csco_post_video_bg_start_time":0,"csco_post_video_bg_end_time":0,"footnotes":""},"categories":[9670],"tags":[1870],"class_list":{"0":"post-43710","1":"post","2":"type-post","3":"status-publish","4":"format-standard","5":"has-post-thumbnail","7":"category-tv","8":"tag-superstacja","9":"cs-entry","10":"cs-video-wrap"},"_links":{"self":[{"href":"https:\/\/mediarun.com\/pl\/wp-json\/wp\/v2\/posts\/43710","targetHints":{"allow":["GET"]}}],"collection":[{"href":"https:\/\/mediarun.com\/pl\/wp-json\/wp\/v2\/posts"}],"about":[{"href":"https:\/\/mediarun.com\/pl\/wp-json\/wp\/v2\/types\/post"}],"author":[{"embeddable":true,"href":"https:\/\/mediarun.com\/pl\/wp-json\/wp\/v2\/users\/1"}],"replies":[{"embeddable":true,"href":"https:\/\/mediarun.com\/pl\/wp-json\/wp\/v2\/comments?post=43710"}],"version-history":[{"count":0,"href":"https:\/\/mediarun.com\/pl\/wp-json\/wp\/v2\/posts\/43710\/revisions"}],"wp:featuredmedia":[{"embeddable":true,"href":"https:\/\/mediarun.com\/pl\/wp-json\/wp\/v2\/media\/43711"}],"wp:attachment":[{"href":"https:\/\/mediarun.com\/pl\/wp-json\/wp\/v2\/media?parent=43710"}],"wp:term":[{"taxonomy":"category","embeddable":true,"href":"https:\/\/mediarun.com\/pl\/wp-json\/wp\/v2\/categories?post=43710"},{"taxonomy":"post_tag","embeddable":true,"href":"https:\/\/mediarun.com\/pl\/wp-json\/wp\/v2\/tags?post=43710"}],"curies":[{"name":"wp","href":"https:\/\/api.w.org\/{rel}","templated":true}]}}