{"id":43702,"date":"2008-11-21T13:14:00","date_gmt":"2008-11-21T12:14:00","guid":{"rendered":"https:\/\/mediarun.com\/index.php\/news-posts\/zmiany-personalne-w-tygodnikach-premium-tv\/"},"modified":"2008-11-21T13:14:00","modified_gmt":"2008-11-21T12:14:00","slug":"zmiany-personalne-w-tygodnikach-premium-tv","status":"publish","type":"post","link":"https:\/\/mediarun.com\/pl\/ludzie\/awanse\/zmiany-personalne-w-tygodnikach-premium-tv.html","title":{"rendered":"Zmiany personalne w tygodnikach Premium TV"},"content":{"rendered":"<p>Zast\u0119pc\u0105 naczelnej Tele \u015awiata b\u0119dzie Robert Pie\u0144kowski (poprzednio pracowa\u0142 m.in. w Ele Deco, Sukcesie i Pani).<\/p>\n<p>Anna \u015aliwakowska-Szkuat, pe\u0142ni\u0105ca obowi\u0105zki redaktora naczelnego tygodnika Tele \u015awiat, przechodzi do redakcji Tele Tygodnia, w kt&oacute;rym pe\u0142ni\u0107 b\u0119dzie, razem z Arturem Kosi\u0144skim, obowi\u0105zki zast\u0119pcy redaktora naczelnego.<\/p>\n<p>Obowi\u0105zki redaktora naczelnego Super TV powierzono Magdalenie Micule, dotychczasowej redaktor prowadz\u0105cej Super TV.<\/p>\n","protected":false},"excerpt":{"rendered":"Now\u0105 naczeln\u0105 tygodnika Tele \u015awiat zostaje od 21 listopada 2008 Ewa W\u0105sikowska-Tomczy\u0144ska (dotychczas naczelna Super TV).","protected":false},"author":1,"featured_media":43703,"comment_status":"open","ping_status":"closed","sticky":false,"template":"","format":"standard","meta":{"csco_display_header_overlay":false,"csco_singular_sidebar":"","csco_page_header_type":"","csco_page_load_nextpost":"","csco_post_video_location":[],"csco_post_video_location_hash":"","csco_post_video_url":"","csco_post_video_bg_start_time":0,"csco_post_video_bg_end_time":0,"footnotes":""},"categories":[9678],"tags":[2500,1282],"class_list":{"0":"post-43702","1":"post","2":"type-post","3":"status-publish","4":"format-standard","5":"has-post-thumbnail","7":"category-awanse","8":"tag-tele-swiat","9":"tag-tele-tydzien","10":"cs-entry","11":"cs-video-wrap"},"_links":{"self":[{"href":"https:\/\/mediarun.com\/pl\/wp-json\/wp\/v2\/posts\/43702","targetHints":{"allow":["GET"]}}],"collection":[{"href":"https:\/\/mediarun.com\/pl\/wp-json\/wp\/v2\/posts"}],"about":[{"href":"https:\/\/mediarun.com\/pl\/wp-json\/wp\/v2\/types\/post"}],"author":[{"embeddable":true,"href":"https:\/\/mediarun.com\/pl\/wp-json\/wp\/v2\/users\/1"}],"replies":[{"embeddable":true,"href":"https:\/\/mediarun.com\/pl\/wp-json\/wp\/v2\/comments?post=43702"}],"version-history":[{"count":0,"href":"https:\/\/mediarun.com\/pl\/wp-json\/wp\/v2\/posts\/43702\/revisions"}],"wp:featuredmedia":[{"embeddable":true,"href":"https:\/\/mediarun.com\/pl\/wp-json\/wp\/v2\/media\/43703"}],"wp:attachment":[{"href":"https:\/\/mediarun.com\/pl\/wp-json\/wp\/v2\/media?parent=43702"}],"wp:term":[{"taxonomy":"category","embeddable":true,"href":"https:\/\/mediarun.com\/pl\/wp-json\/wp\/v2\/categories?post=43702"},{"taxonomy":"post_tag","embeddable":true,"href":"https:\/\/mediarun.com\/pl\/wp-json\/wp\/v2\/tags?post=43702"}],"curies":[{"name":"wp","href":"https:\/\/api.w.org\/{rel}","templated":true}]}}