{"id":43482,"date":"2008-11-28T11:44:46","date_gmt":"2008-11-28T10:44:46","guid":{"rendered":"https:\/\/mediarun.com\/index.php\/news-posts\/gdansk-na-billboardach\/"},"modified":"2008-11-28T11:44:46","modified_gmt":"2008-11-28T10:44:46","slug":"gdansk-na-billboardach","status":"publish","type":"post","link":"https:\/\/mediarun.com\/pl\/marketing\/atl\/gdansk-na-billboardach.html","title":{"rendered":"Gda\u0144sk na billboardach"},"content":{"rendered":"<p>Promocja skierowana jest do mieszka\u0144c&oacute;w Gda\u0144ska i ma na celu wzmocnienie ich identyfikacji z miastem oraz pokazanie, i\u017c miasto to nie tylko mury i zabytki, ale przede wszystkim ludzie.<\/p>\n<p>Do udzia\u0142u w kampanii w\u0142adze miasta zaprosi\u0142y dwana\u015bcie os&oacute;b, m.in. Leszka Blanika, Macieja &#8222;Gleb\u0119&#8221; Florka i Krzysztofa Skib\u0119. Zgod\u0119 na udzia\u0142 w kampanii wyrazili tak\u017ce: Anna Rybicka, Adam Korol, Henryka Krzywonos-Strycharska. Ponadto, zaproszenia przyj\u0119li uczestnicy konkursu fotograficznego &#8222;Jestem z Gda\u0144ska&#8221;. Wszyscy bohaterowie wzi\u0119li udzia\u0142 w kampanii spo\u0142ecznie. <\/p>\n<p>Dzia\u0142ania obecne b\u0119da na 100 citylightach i 53 wolnostoj\u0105cych billboardach, na kt&oacute;rych eksponowanych b\u0119dzie 12 r&oacute;\u017cnych obraz&oacute;w.<\/p>\n<p>Nied\u0142ugo rozpocznie si\u0119 drugi etap kampanii pod has\u0142em &#8222;Ocali\u0107 od zapomnienia&#8221;. Ta cz\u0119\u015b\u0107 adresowana b\u0119dzie zar&oacute;wno do obecnych jak i by\u0142ych Gda\u0144szczan. Na podstawie nades\u0142anych przez mieszka\u0144c&oacute;w wspomnie\u0144, obejmuj\u0105cych czasy od powojennych po wsp&oacute;\u0142czesne, zostanie wydany pami\u0119tnik z \u017cycia miasta.<br \/>&nbsp;&nbsp;&nbsp; <br \/>Trzeci etap &#8222;Gda\u0144sk mnie kr\u0119ci, kr\u0119c\u0119 Gda\u0144sk&#8221; rozpocznie si\u0119 wiosn\u0105 2009 roku i zostanie skierowany do ludzi m\u0142odych, \u015brodowisk tw&oacute;rczych oraz pasjonat&oacute;w. B\u0119dzie mia\u0142 on form\u0119&nbsp; konkursu, w kt&oacute;rym jury oceni nades\u0142ane kr&oacute;tkie filmy o mie\u015bcie. Do wygrania poza nagrodami rzeczowymi, udzia\u0142 w mi\u0119dzynarodowych warsztatach filmowych podczas 71. \u015awiatowego Festiwalu Film&oacute;w Niezale\u017cnych UNICA 2009.<\/p>\n","protected":false},"excerpt":{"rendered":"&#8222;Jestem z Gda\u0144ska&#8221; &#8211; pod takim has\u0142em rozpoczyna si\u0119 kampania billboardowa miasta.","protected":false},"author":1,"featured_media":43483,"comment_status":"open","ping_status":"closed","sticky":false,"template":"","format":"standard","meta":{"csco_display_header_overlay":false,"csco_singular_sidebar":"","csco_page_header_type":"","csco_page_load_nextpost":"","csco_post_video_location":[],"csco_post_video_location_hash":"","csco_post_video_url":"","csco_post_video_bg_start_time":0,"csco_post_video_bg_end_time":0,"footnotes":""},"categories":[9642],"tags":[],"class_list":{"0":"post-43482","1":"post","2":"type-post","3":"status-publish","4":"format-standard","5":"has-post-thumbnail","7":"category-atl","8":"cs-entry","9":"cs-video-wrap"},"_links":{"self":[{"href":"https:\/\/mediarun.com\/pl\/wp-json\/wp\/v2\/posts\/43482","targetHints":{"allow":["GET"]}}],"collection":[{"href":"https:\/\/mediarun.com\/pl\/wp-json\/wp\/v2\/posts"}],"about":[{"href":"https:\/\/mediarun.com\/pl\/wp-json\/wp\/v2\/types\/post"}],"author":[{"embeddable":true,"href":"https:\/\/mediarun.com\/pl\/wp-json\/wp\/v2\/users\/1"}],"replies":[{"embeddable":true,"href":"https:\/\/mediarun.com\/pl\/wp-json\/wp\/v2\/comments?post=43482"}],"version-history":[{"count":0,"href":"https:\/\/mediarun.com\/pl\/wp-json\/wp\/v2\/posts\/43482\/revisions"}],"wp:featuredmedia":[{"embeddable":true,"href":"https:\/\/mediarun.com\/pl\/wp-json\/wp\/v2\/media\/43483"}],"wp:attachment":[{"href":"https:\/\/mediarun.com\/pl\/wp-json\/wp\/v2\/media?parent=43482"}],"wp:term":[{"taxonomy":"category","embeddable":true,"href":"https:\/\/mediarun.com\/pl\/wp-json\/wp\/v2\/categories?post=43482"},{"taxonomy":"post_tag","embeddable":true,"href":"https:\/\/mediarun.com\/pl\/wp-json\/wp\/v2\/tags?post=43482"}],"curies":[{"name":"wp","href":"https:\/\/api.w.org\/{rel}","templated":true}]}}