{"id":43250,"date":"2008-12-03T16:55:07","date_gmt":"2008-12-03T15:55:07","guid":{"rendered":"https:\/\/mediarun.com\/index.php\/news-posts\/radio-jazz-zagra-w-internecie\/"},"modified":"2008-12-03T16:55:07","modified_gmt":"2008-12-03T15:55:07","slug":"radio-jazz-zagra-w-internecie","status":"publish","type":"post","link":"https:\/\/mediarun.com\/pl\/media\/radio\/radio-jazz-zagra-w-internecie.html","title":{"rendered":"Radio Jazz zagra w internecie"},"content":{"rendered":"<p>Inicjatorem projektu jest Pawe\u0142 Nowak, dziennikarz krakowskiego akademickiego Radia Frycz, kt&oacute;ry wraz z zainteresowanymi dziennikarzami planuje stworzenie profesjonalengo studia w Warszawie, sk\u0105d nadawany by\u0142by program jazzowej rozg\u0142o\u015bni. Wg plan&oacute;w, w ram&oacute;wce pojawi\u0142yby si\u0119 programy znane dotychczas z anteny Radia Jazz.<\/p>\n<p>\u017br&oacute;d\u0142em finansowania przedsi\u0119wzi\u0119\u0107 stacji mia\u0142yby by\u0107 wp\u0142ywy ze sprzeda\u017cy reklam. Jak wynika z danych Presserwisu, prowadzone s\u0105 tak\u017ce rozmowy z jednym z koncern&oacute;w medialnych, kt&oacute;ry m&oacute;g\u0142by udost\u0119pni\u0107 w\u0142asne zaplecze techniczne.<\/p>\n<p>Pomys\u0142odawcy zarezerwowali domen\u0119 internetow\u0105 Radiojazz.fm, na kt&oacute;rej planuj\u0105 uruchomi\u0107 rozg\u0142o\u015bni\u0119. Cz\u0119\u015b\u0107 dziennikarzy zrezygnowa\u0142a z wynagrodze\u0144.<\/p>\n","protected":false},"excerpt":{"rendered":"Byli s\u0142uchacze i pracownicy przekszta\u0142conego w Chilli Zet Radia Jazz planuj\u0105 reaktywacj\u0119 stacji w internecie.","protected":false},"author":1,"featured_media":43251,"comment_status":"open","ping_status":"closed","sticky":false,"template":"","format":"standard","meta":{"csco_display_header_overlay":false,"csco_singular_sidebar":"","csco_page_header_type":"","csco_page_load_nextpost":"","csco_post_video_location":[],"csco_post_video_location_hash":"","csco_post_video_url":"","csco_post_video_bg_start_time":0,"csco_post_video_bg_end_time":0,"footnotes":""},"categories":[9672],"tags":[174],"class_list":{"0":"post-43250","1":"post","2":"type-post","3":"status-publish","4":"format-standard","5":"has-post-thumbnail","7":"category-radio","8":"tag-eurozet","9":"cs-entry","10":"cs-video-wrap"},"_links":{"self":[{"href":"https:\/\/mediarun.com\/pl\/wp-json\/wp\/v2\/posts\/43250","targetHints":{"allow":["GET"]}}],"collection":[{"href":"https:\/\/mediarun.com\/pl\/wp-json\/wp\/v2\/posts"}],"about":[{"href":"https:\/\/mediarun.com\/pl\/wp-json\/wp\/v2\/types\/post"}],"author":[{"embeddable":true,"href":"https:\/\/mediarun.com\/pl\/wp-json\/wp\/v2\/users\/1"}],"replies":[{"embeddable":true,"href":"https:\/\/mediarun.com\/pl\/wp-json\/wp\/v2\/comments?post=43250"}],"version-history":[{"count":0,"href":"https:\/\/mediarun.com\/pl\/wp-json\/wp\/v2\/posts\/43250\/revisions"}],"wp:featuredmedia":[{"embeddable":true,"href":"https:\/\/mediarun.com\/pl\/wp-json\/wp\/v2\/media\/43251"}],"wp:attachment":[{"href":"https:\/\/mediarun.com\/pl\/wp-json\/wp\/v2\/media?parent=43250"}],"wp:term":[{"taxonomy":"category","embeddable":true,"href":"https:\/\/mediarun.com\/pl\/wp-json\/wp\/v2\/categories?post=43250"},{"taxonomy":"post_tag","embeddable":true,"href":"https:\/\/mediarun.com\/pl\/wp-json\/wp\/v2\/tags?post=43250"}],"curies":[{"name":"wp","href":"https:\/\/api.w.org\/{rel}","templated":true}]}}