{"id":432,"date":"2013-11-20T11:39:38","date_gmt":"2013-11-20T10:39:38","guid":{"rendered":"https:\/\/mediarun.com\/index.php\/news-posts\/joanna-skierska-szefem-polskiego-oddzialu-firmy-gemius\/"},"modified":"2015-03-17T10:25:00","modified_gmt":"2015-03-17T10:25:00","slug":"joanna-skierska-szefem-polskiego-oddzialu-firmy-gemius","status":"publish","type":"post","link":"https:\/\/mediarun.com\/pl\/ludzie\/kariera\/joanna-skierska-szefem-polskiego-oddzialu-firmy-gemius.html","title":{"rendered":"Joanna Skierska szefem polskiego oddzia\u0142u firmy Gemius"},"content":{"rendered":"<p>&#8211; Wkraczamy w kolejny etap rozwoju naszej firmy. Zaproponujemy rynkowi internetowemu nowe podej\u015bcie do budowania strategii marketingowych i sprzeda\u017cowych. Dzi\u0119ki naszym nowym produktom polscy przedsi\u0119biorcy b\u0119d\u0105 mogli nie tylko rozszerzy\u0107 zasi\u0119g dzia\u0142ania, ale te\u017c ulepszy\u0107 jako\u015b\u0107 obs\u0142ugi e-klient&oacute;w &#8211; m&oacute;wi Piotr Ejdys, prezes firmy Gemius.<\/p>\n<p>Joanna Skierska jest zwi\u0105zana z firm\u0105 Gemius od 2010 roku. Zanim pe\u0142ni\u0142a funkcj\u0119 dyrektora ds. sprzeda\u017cy w polskim oddziale firmy. Wcze\u015bniej by\u0142a dyrektorem dzia\u0142u obs\u0142ugi klienta, a tak\u017ce dyrektorem sprzeda\u017cy technologii i projekt&oacute;w specjalnych. Pracowa\u0142a tak\u017ce jako szef sprzeda\u017cy i marketingu w firmie AdOcean, jednej ze sp&oacute;\u0142ek Gemius Group. Do\u015bwiadczenie mened\u017cerskie zdobywa\u0142a r&oacute;wnie\u017c w TVP, jako dyrektor biura wsp&oacute;\u0142pracy mi\u0119dzynarodowej i handlu. Jest absolwentk\u0105 dw&oacute;ch kierunk&oacute;w na Politechnice Gda\u0144skiej, w tym Wydzia\u0142u Ekonomii i Zarz\u0105dzania ze specjalizacj\u0105 z zakresu strategii firm.<\/p>\n<p>Joanna Skierska zast\u0105pi\u0142a na stanowisku Joann\u0119 Parczy\u0144sk\u0105, kt&oacute;ra postanowi\u0142a powr&oacute;ci\u0107 do bran\u017cy medialnej.<\/p>\n","protected":false},"excerpt":{"rendered":"Z pocz\u0105tkiem listopada obj\u0119\u0142a ona&nbsp;stanowisko country managera.","protected":false},"author":1,"featured_media":433,"comment_status":"open","ping_status":"closed","sticky":false,"template":"","format":"standard","meta":{"csco_display_header_overlay":false,"csco_singular_sidebar":"","csco_page_header_type":"","csco_page_load_nextpost":"","csco_post_video_location":[],"csco_post_video_location_hash":"","csco_post_video_url":"","csco_post_video_bg_start_time":0,"csco_post_video_bg_end_time":0,"footnotes":""},"categories":[5909],"tags":[102],"class_list":{"0":"post-432","1":"post","2":"type-post","3":"status-publish","4":"format-standard","5":"has-post-thumbnail","7":"category-kariera","8":"tag-gemius","9":"cs-entry","10":"cs-video-wrap"},"_links":{"self":[{"href":"https:\/\/mediarun.com\/pl\/wp-json\/wp\/v2\/posts\/432","targetHints":{"allow":["GET"]}}],"collection":[{"href":"https:\/\/mediarun.com\/pl\/wp-json\/wp\/v2\/posts"}],"about":[{"href":"https:\/\/mediarun.com\/pl\/wp-json\/wp\/v2\/types\/post"}],"author":[{"embeddable":true,"href":"https:\/\/mediarun.com\/pl\/wp-json\/wp\/v2\/users\/1"}],"replies":[{"embeddable":true,"href":"https:\/\/mediarun.com\/pl\/wp-json\/wp\/v2\/comments?post=432"}],"version-history":[{"count":0,"href":"https:\/\/mediarun.com\/pl\/wp-json\/wp\/v2\/posts\/432\/revisions"}],"wp:featuredmedia":[{"embeddable":true,"href":"https:\/\/mediarun.com\/pl\/wp-json\/wp\/v2\/media\/433"}],"wp:attachment":[{"href":"https:\/\/mediarun.com\/pl\/wp-json\/wp\/v2\/media?parent=432"}],"wp:term":[{"taxonomy":"category","embeddable":true,"href":"https:\/\/mediarun.com\/pl\/wp-json\/wp\/v2\/categories?post=432"},{"taxonomy":"post_tag","embeddable":true,"href":"https:\/\/mediarun.com\/pl\/wp-json\/wp\/v2\/tags?post=432"}],"curies":[{"name":"wp","href":"https:\/\/api.w.org\/{rel}","templated":true}]}}