{"id":43150,"date":"2008-12-05T16:19:26","date_gmt":"2008-12-05T15:19:26","guid":{"rendered":"https:\/\/mediarun.com\/index.php\/news-posts\/zubczynska-naczelna-przyjaciolki\/"},"modified":"2008-12-05T16:19:26","modified_gmt":"2008-12-05T15:19:26","slug":"zubczynska-naczelna-przyjaciolki","status":"publish","type":"post","link":"https:\/\/mediarun.com\/pl\/media\/prasa\/zubczynska-naczelna-przyjaciolki.html","title":{"rendered":"Zubczy\u0144ska naczeln\u0105 Przyjaci\u00f3\u0142ki"},"content":{"rendered":"<p>Wcze\u015bniej stanowisko to zajmowa\u0142a Agnieszka \u015awiecka-Pilaszek, kt&oacute;ra pozostanie redaktor naczeln\u0105 platformy tytu\u0142&oacute;w poradnikowych wydawnictwa Edipresse Polska.<\/p>\n<p>Now\u0105 funkcj\u0119 Zubczy\u0144ska b\u0119dzie \u0142\u0105czy\u0107 z dotychczasowymi obowi\u0105zkami redaktor naczelnej tytu\u0142&oacute;w Uczucia i T\u0119sknoty oraz Prawdziwe \u017bycie.<\/p>\n","protected":false},"excerpt":{"rendered":"Urszula Zubczy\u0144ska zosta\u0142a now\u0105 redaktor naczeln\u0105 tygodnika Przyjaci&oacute;\u0142ka.","protected":false},"author":1,"featured_media":43151,"comment_status":"open","ping_status":"closed","sticky":false,"template":"","format":"standard","meta":{"csco_display_header_overlay":false,"csco_singular_sidebar":"","csco_page_header_type":"","csco_page_load_nextpost":"","csco_post_video_location":[],"csco_post_video_location_hash":"","csco_post_video_url":"","csco_post_video_bg_start_time":0,"csco_post_video_bg_end_time":0,"footnotes":""},"categories":[9673],"tags":[96],"class_list":{"0":"post-43150","1":"post","2":"type-post","3":"status-publish","4":"format-standard","5":"has-post-thumbnail","7":"category-prasa","8":"tag-edipresse","9":"cs-entry","10":"cs-video-wrap"},"_links":{"self":[{"href":"https:\/\/mediarun.com\/pl\/wp-json\/wp\/v2\/posts\/43150","targetHints":{"allow":["GET"]}}],"collection":[{"href":"https:\/\/mediarun.com\/pl\/wp-json\/wp\/v2\/posts"}],"about":[{"href":"https:\/\/mediarun.com\/pl\/wp-json\/wp\/v2\/types\/post"}],"author":[{"embeddable":true,"href":"https:\/\/mediarun.com\/pl\/wp-json\/wp\/v2\/users\/1"}],"replies":[{"embeddable":true,"href":"https:\/\/mediarun.com\/pl\/wp-json\/wp\/v2\/comments?post=43150"}],"version-history":[{"count":0,"href":"https:\/\/mediarun.com\/pl\/wp-json\/wp\/v2\/posts\/43150\/revisions"}],"wp:featuredmedia":[{"embeddable":true,"href":"https:\/\/mediarun.com\/pl\/wp-json\/wp\/v2\/media\/43151"}],"wp:attachment":[{"href":"https:\/\/mediarun.com\/pl\/wp-json\/wp\/v2\/media?parent=43150"}],"wp:term":[{"taxonomy":"category","embeddable":true,"href":"https:\/\/mediarun.com\/pl\/wp-json\/wp\/v2\/categories?post=43150"},{"taxonomy":"post_tag","embeddable":true,"href":"https:\/\/mediarun.com\/pl\/wp-json\/wp\/v2\/tags?post=43150"}],"curies":[{"name":"wp","href":"https:\/\/api.w.org\/{rel}","templated":true}]}}