{"id":43042,"date":"2008-12-10T10:34:14","date_gmt":"2008-12-10T09:34:14","guid":{"rendered":"https:\/\/mediarun.com\/index.php\/news-posts\/new-york-times-rozmawia-z-wierzycielami\/"},"modified":"2008-12-10T10:34:14","modified_gmt":"2008-12-10T09:34:14","slug":"new-york-times-rozmawia-z-wierzycielami","status":"publish","type":"post","link":"https:\/\/mediarun.com\/pl\/media\/prasa\/new-york-times-rozmawia-z-wierzycielami.html","title":{"rendered":"New York Times rozmawia z wierzycielami"},"content":{"rendered":"<p>Agencja Associated Press wskazuje, \u017ce wydawca renomowanego dziennika New York Times, a tak\u017ce The Boston Globe, International Herald Tribune i kilku gazet regionalnych, boryka si\u0119 z ci\u0105g\u0142ym spadkiem wp\u0142yw&oacute;w z reklam.<\/p>\n<p>New York Times Co. zapowiada, \u017ce po\u017cyczy do 225 milion&oacute;w USD, by upora\u0107 si\u0119 ze sp\u0142at\u0105 zad\u0142u\u017cenia przypadaj\u0105c\u0105 w maju 2009 roku. Zabezpieczeniem tej po\u017cyczki ma by\u0107 warto\u015b\u0107 siedziby g\u0142&oacute;wnej tej firmy na Manhattanie. Rozpatrywana jest te\u017c sprzeda\u017c &#8222;aktyw&oacute;w&#8221; w celu poprawienia p\u0142ynno\u015bci finansowej.<\/p>\n","protected":false},"excerpt":{"rendered":"Firma New York Times Co. poinformowa\u0142a, \u017ce rozmawia z wierzycielami na temat sp\u0142at zad\u0142u\u017cenia, przypadaj\u0105cych w ci\u0105gu najbli\u017cszych dw&oacute;ch lat.","protected":false},"author":1,"featured_media":43043,"comment_status":"open","ping_status":"closed","sticky":false,"template":"","format":"standard","meta":{"csco_display_header_overlay":false,"csco_singular_sidebar":"","csco_page_header_type":"","csco_page_load_nextpost":"","csco_post_video_location":[],"csco_post_video_location_hash":"","csco_post_video_url":"","csco_post_video_bg_start_time":0,"csco_post_video_bg_end_time":0,"footnotes":""},"categories":[9673],"tags":[235],"class_list":{"0":"post-43042","1":"post","2":"type-post","3":"status-publish","4":"format-standard","5":"has-post-thumbnail","7":"category-prasa","8":"tag-new-york-times","9":"cs-entry","10":"cs-video-wrap"},"_links":{"self":[{"href":"https:\/\/mediarun.com\/pl\/wp-json\/wp\/v2\/posts\/43042","targetHints":{"allow":["GET"]}}],"collection":[{"href":"https:\/\/mediarun.com\/pl\/wp-json\/wp\/v2\/posts"}],"about":[{"href":"https:\/\/mediarun.com\/pl\/wp-json\/wp\/v2\/types\/post"}],"author":[{"embeddable":true,"href":"https:\/\/mediarun.com\/pl\/wp-json\/wp\/v2\/users\/1"}],"replies":[{"embeddable":true,"href":"https:\/\/mediarun.com\/pl\/wp-json\/wp\/v2\/comments?post=43042"}],"version-history":[{"count":0,"href":"https:\/\/mediarun.com\/pl\/wp-json\/wp\/v2\/posts\/43042\/revisions"}],"wp:featuredmedia":[{"embeddable":true,"href":"https:\/\/mediarun.com\/pl\/wp-json\/wp\/v2\/media\/43043"}],"wp:attachment":[{"href":"https:\/\/mediarun.com\/pl\/wp-json\/wp\/v2\/media?parent=43042"}],"wp:term":[{"taxonomy":"category","embeddable":true,"href":"https:\/\/mediarun.com\/pl\/wp-json\/wp\/v2\/categories?post=43042"},{"taxonomy":"post_tag","embeddable":true,"href":"https:\/\/mediarun.com\/pl\/wp-json\/wp\/v2\/tags?post=43042"}],"curies":[{"name":"wp","href":"https:\/\/api.w.org\/{rel}","templated":true}]}}