{"id":43018,"date":"2008-12-10T15:59:54","date_gmt":"2008-12-10T14:59:54","guid":{"rendered":"https:\/\/mediarun.com\/index.php\/news-posts\/rogala-przeszla-do-domu-z-pomyslem\/"},"modified":"2008-12-10T15:59:54","modified_gmt":"2008-12-10T14:59:54","slug":"rogala-przeszla-do-domu-z-pomyslem","status":"publish","type":"post","link":"https:\/\/mediarun.com\/pl\/ludzie\/awanse\/rogala-przeszla-do-domu-z-pomyslem.html","title":{"rendered":"Rogala przesz\u0142a do Domu z pomys\u0142em"},"content":{"rendered":"<p>Rogala przez ostatni rok by\u0142a zast\u0119pc\u0105 redaktora naczelnego tygodnika Gala, wcze\u015bniej w latach 1997-2007 pracowa\u0142a w miesi\u0119czniku Elle jako szef dzia\u0142u &#8222;Uroda&#8221; i redaktor prowadz\u0105cy wydania specjalne, a od 2005 roku jako zast\u0119pca redaktora naczelnego.<\/p>\n<p>W 2008 roku ukaza\u0142y si\u0119 3 wydania Domu z pomys\u0142em. W roku 2009 zaplanowanych jest 8 kolejnych numer&oacute;w.<\/p>\n","protected":false},"excerpt":{"rendered":"Od 10 grudnia br. Ma\u0142gorzata Rogala jest now\u0105 redaktor naczeln\u0105 Domu z pomys\u0142em, wydawanego dla Leroy Merlin. Zast\u0105pi\u0142a Agnieszk\u0119 Rasmus-Zgorzelsk\u0105.","protected":false},"author":1,"featured_media":43019,"comment_status":"open","ping_status":"closed","sticky":false,"template":"","format":"standard","meta":{"csco_display_header_overlay":false,"csco_singular_sidebar":"","csco_page_header_type":"","csco_page_load_nextpost":"","csco_post_video_location":[],"csco_post_video_location_hash":"","csco_post_video_url":"","csco_post_video_bg_start_time":0,"csco_post_video_bg_end_time":0,"footnotes":""},"categories":[9678],"tags":[961,528],"class_list":{"0":"post-43018","1":"post","2":"type-post","3":"status-publish","4":"format-standard","5":"has-post-thumbnail","7":"category-awanse","8":"tag-elle","9":"tag-gala","10":"cs-entry","11":"cs-video-wrap"},"_links":{"self":[{"href":"https:\/\/mediarun.com\/pl\/wp-json\/wp\/v2\/posts\/43018","targetHints":{"allow":["GET"]}}],"collection":[{"href":"https:\/\/mediarun.com\/pl\/wp-json\/wp\/v2\/posts"}],"about":[{"href":"https:\/\/mediarun.com\/pl\/wp-json\/wp\/v2\/types\/post"}],"author":[{"embeddable":true,"href":"https:\/\/mediarun.com\/pl\/wp-json\/wp\/v2\/users\/1"}],"replies":[{"embeddable":true,"href":"https:\/\/mediarun.com\/pl\/wp-json\/wp\/v2\/comments?post=43018"}],"version-history":[{"count":0,"href":"https:\/\/mediarun.com\/pl\/wp-json\/wp\/v2\/posts\/43018\/revisions"}],"wp:featuredmedia":[{"embeddable":true,"href":"https:\/\/mediarun.com\/pl\/wp-json\/wp\/v2\/media\/43019"}],"wp:attachment":[{"href":"https:\/\/mediarun.com\/pl\/wp-json\/wp\/v2\/media?parent=43018"}],"wp:term":[{"taxonomy":"category","embeddable":true,"href":"https:\/\/mediarun.com\/pl\/wp-json\/wp\/v2\/categories?post=43018"},{"taxonomy":"post_tag","embeddable":true,"href":"https:\/\/mediarun.com\/pl\/wp-json\/wp\/v2\/tags?post=43018"}],"curies":[{"name":"wp","href":"https:\/\/api.w.org\/{rel}","templated":true}]}}