{"id":42880,"date":"2008-12-15T13:22:52","date_gmt":"2008-12-15T12:22:52","guid":{"rendered":"https:\/\/mediarun.com\/index.php\/news-posts\/felicjanska-media-rozszerza-zakres-dzialalnosci\/"},"modified":"2008-12-15T13:22:52","modified_gmt":"2008-12-15T12:22:52","slug":"felicjanska-media-rozszerza-zakres-dzialalnosci","status":"publish","type":"post","link":"https:\/\/mediarun.com\/pl\/ludzie\/awanse\/felicjanska-media-rozszerza-zakres-dzialalnosci.html","title":{"rendered":"Felicja\u0144ska Media rozszerza zakres dzia\u0142alno\u015bci"},"content":{"rendered":"<p>Portfolio us\u0142ug agencji wzbogaci\u0142o si\u0119 o komunikacj\u0119 strategiczn\u0105 PR, komunikacj\u0119 wewn\u0119trzn\u0105 i kryzysow\u0105, doradztwo dla firm z zakresu CSR, oraz prowadzenia kampanii spo\u0142ecznych.<\/p>\n<p>W firmie nast\u0105pi\u0142y r&oacute;wnie\u017c zmiany personalne.&nbsp;Z agencj\u0105 rozsta\u0142 si\u0119 dotychczasowy dyrektor zarz\u0105dzaj\u0105cy Robert Wilk, a jego miejsce zaj\u0119\u0142a Ewa Kabata-Piekarz, wcze\u015bniej pracuj\u0105ca w agencji First PR.<\/p>\n","protected":false},"excerpt":{"rendered":"Agencja Felicja\u0144ska Media zajmuj\u0105ca si\u0119 organizacj\u0105 event&oacute;w i pokaz&oacute;w mody poszerza zakres swojej dzia\u0142alno\u015bci.","protected":false},"author":1,"featured_media":42881,"comment_status":"open","ping_status":"closed","sticky":false,"template":"","format":"standard","meta":{"csco_display_header_overlay":false,"csco_singular_sidebar":"","csco_page_header_type":"","csco_page_load_nextpost":"","csco_post_video_location":[],"csco_post_video_location_hash":"","csco_post_video_url":"","csco_post_video_bg_start_time":0,"csco_post_video_bg_end_time":0,"footnotes":""},"categories":[9678],"tags":[2693],"class_list":{"0":"post-42880","1":"post","2":"type-post","3":"status-publish","4":"format-standard","5":"has-post-thumbnail","7":"category-awanse","8":"tag-felicjanska-media","9":"cs-entry","10":"cs-video-wrap"},"_links":{"self":[{"href":"https:\/\/mediarun.com\/pl\/wp-json\/wp\/v2\/posts\/42880","targetHints":{"allow":["GET"]}}],"collection":[{"href":"https:\/\/mediarun.com\/pl\/wp-json\/wp\/v2\/posts"}],"about":[{"href":"https:\/\/mediarun.com\/pl\/wp-json\/wp\/v2\/types\/post"}],"author":[{"embeddable":true,"href":"https:\/\/mediarun.com\/pl\/wp-json\/wp\/v2\/users\/1"}],"replies":[{"embeddable":true,"href":"https:\/\/mediarun.com\/pl\/wp-json\/wp\/v2\/comments?post=42880"}],"version-history":[{"count":0,"href":"https:\/\/mediarun.com\/pl\/wp-json\/wp\/v2\/posts\/42880\/revisions"}],"wp:featuredmedia":[{"embeddable":true,"href":"https:\/\/mediarun.com\/pl\/wp-json\/wp\/v2\/media\/42881"}],"wp:attachment":[{"href":"https:\/\/mediarun.com\/pl\/wp-json\/wp\/v2\/media?parent=42880"}],"wp:term":[{"taxonomy":"category","embeddable":true,"href":"https:\/\/mediarun.com\/pl\/wp-json\/wp\/v2\/categories?post=42880"},{"taxonomy":"post_tag","embeddable":true,"href":"https:\/\/mediarun.com\/pl\/wp-json\/wp\/v2\/tags?post=42880"}],"curies":[{"name":"wp","href":"https:\/\/api.w.org\/{rel}","templated":true}]}}