{"id":42864,"date":"2008-12-15T15:18:54","date_gmt":"2008-12-15T14:18:54","guid":{"rendered":"https:\/\/mediarun.com\/index.php\/news-posts\/kulczycki-zastapi-hanne-lis\/"},"modified":"2008-12-15T15:18:54","modified_gmt":"2008-12-15T14:18:54","slug":"kulczycki-zastapi-hanne-lis","status":"publish","type":"post","link":"https:\/\/mediarun.com\/pl\/media\/tv\/kulczycki-zastapi-hanne-lis.html","title":{"rendered":"Kulczycki zast\u0105pi Hann\u0119 Lis"},"content":{"rendered":"<p>W pi\u0105tek dosz\u0142o do spotkania Hanny Lis z prezesem TVP Andrzejem Urba\u0144skim, szefem &#8222;Wiadomo\u015bci&#8221; Krzysztofem Rakiem i dyrektor Agencji Informacji Aleksandr\u0105 Zaw\u0142ock\u0105. Nie rozwi\u0105zano kontraktu z zawieszon\u0105 prezenterk\u0105, ale i nie przywr&oacute;cono jej do pracy.<\/p>\n<p>Przysz\u0142o\u015b\u0107 Hanny Lis w &#8222;Wiadomo\u015bciach&#8221; ma si\u0119 rozstrzygn\u0105\u0107 w tym tygodniu.<\/p>\n","protected":false},"excerpt":{"rendered":"Jaros\u0142aw Kulczycki poprowadzi &#8222;Wiadomo\u015bci&#8221; w zast\u0119pstwie za zawieszon\u0105 Hann\u0119 Lis. Zdaniem Pressu istnieje mo\u017cliwo\u015b\u0107, \u017ce zast\u0105pi j\u0105 na sta\u0142e.","protected":false},"author":1,"featured_media":42865,"comment_status":"open","ping_status":"closed","sticky":false,"template":"","format":"standard","meta":{"csco_display_header_overlay":false,"csco_singular_sidebar":"","csco_page_header_type":"","csco_page_load_nextpost":"","csco_post_video_location":[],"csco_post_video_location_hash":"","csco_post_video_url":"","csco_post_video_bg_start_time":0,"csco_post_video_bg_end_time":0,"footnotes":""},"categories":[9670],"tags":[1142,1096],"class_list":{"0":"post-42864","1":"post","2":"type-post","3":"status-publish","4":"format-standard","5":"has-post-thumbnail","7":"category-tv","8":"tag-press","9":"tag-wiadomosci","10":"cs-entry","11":"cs-video-wrap"},"_links":{"self":[{"href":"https:\/\/mediarun.com\/pl\/wp-json\/wp\/v2\/posts\/42864","targetHints":{"allow":["GET"]}}],"collection":[{"href":"https:\/\/mediarun.com\/pl\/wp-json\/wp\/v2\/posts"}],"about":[{"href":"https:\/\/mediarun.com\/pl\/wp-json\/wp\/v2\/types\/post"}],"author":[{"embeddable":true,"href":"https:\/\/mediarun.com\/pl\/wp-json\/wp\/v2\/users\/1"}],"replies":[{"embeddable":true,"href":"https:\/\/mediarun.com\/pl\/wp-json\/wp\/v2\/comments?post=42864"}],"version-history":[{"count":0,"href":"https:\/\/mediarun.com\/pl\/wp-json\/wp\/v2\/posts\/42864\/revisions"}],"wp:featuredmedia":[{"embeddable":true,"href":"https:\/\/mediarun.com\/pl\/wp-json\/wp\/v2\/media\/42865"}],"wp:attachment":[{"href":"https:\/\/mediarun.com\/pl\/wp-json\/wp\/v2\/media?parent=42864"}],"wp:term":[{"taxonomy":"category","embeddable":true,"href":"https:\/\/mediarun.com\/pl\/wp-json\/wp\/v2\/categories?post=42864"},{"taxonomy":"post_tag","embeddable":true,"href":"https:\/\/mediarun.com\/pl\/wp-json\/wp\/v2\/tags?post=42864"}],"curies":[{"name":"wp","href":"https:\/\/api.w.org\/{rel}","templated":true}]}}