{"id":42796,"date":"2008-12-16T17:28:35","date_gmt":"2008-12-16T16:28:35","guid":{"rendered":"https:\/\/mediarun.com\/index.php\/news-posts\/trzeci-sezon-eureki-w-canal\/"},"modified":"2008-12-16T17:28:35","modified_gmt":"2008-12-16T16:28:35","slug":"trzeci-sezon-eureki-w-canal","status":"publish","type":"post","link":"https:\/\/mediarun.com\/pl\/media\/tv\/trzeci-sezon-eureki-w-canal.html","title":{"rendered":"Trzeci sezon &#8222;Eureki&#8221; w Canal+"},"content":{"rendered":"<p>W kolejnej serii bohater&oacute;w sekretnego miasta czekaj\u0105 nowe wyzwania. Z Ministerstwa Obrony do Global Dynamics przejdzie bezwzgl\u0119dna Eva Thorne, kt&oacute;ra zajmie si\u0119 nadzorowaniem dzia\u0142alno\u015bci instytucji, a Henry Deacon z powodu z\u0142amania zabezpiecze\u0144 firmowych trafi do wi\u0119zienia.<\/p>\n<p>Trzeci sezon &#8222;Eureki&#8221; zadebiutuje na antenie Canal+ 8 stycznia 2009 r. o godz. 21.50.<\/p>\n","protected":false},"excerpt":{"rendered":"8 stycznia 2009 r. w ram&oacute;wce Canal+ pojawi si\u0119 trzeci sezon serialu science-fiction &#8222;Eureka&#8221;.","protected":false},"author":1,"featured_media":42797,"comment_status":"open","ping_status":"closed","sticky":false,"template":"","format":"standard","meta":{"csco_display_header_overlay":false,"csco_singular_sidebar":"","csco_page_header_type":"","csco_page_load_nextpost":"","csco_post_video_location":[],"csco_post_video_location_hash":"","csco_post_video_url":"","csco_post_video_bg_start_time":0,"csco_post_video_bg_end_time":0,"footnotes":""},"categories":[9670],"tags":[518],"class_list":{"0":"post-42796","1":"post","2":"type-post","3":"status-publish","4":"format-standard","5":"has-post-thumbnail","7":"category-tv","8":"tag-canal","9":"cs-entry","10":"cs-video-wrap"},"_links":{"self":[{"href":"https:\/\/mediarun.com\/pl\/wp-json\/wp\/v2\/posts\/42796","targetHints":{"allow":["GET"]}}],"collection":[{"href":"https:\/\/mediarun.com\/pl\/wp-json\/wp\/v2\/posts"}],"about":[{"href":"https:\/\/mediarun.com\/pl\/wp-json\/wp\/v2\/types\/post"}],"author":[{"embeddable":true,"href":"https:\/\/mediarun.com\/pl\/wp-json\/wp\/v2\/users\/1"}],"replies":[{"embeddable":true,"href":"https:\/\/mediarun.com\/pl\/wp-json\/wp\/v2\/comments?post=42796"}],"version-history":[{"count":0,"href":"https:\/\/mediarun.com\/pl\/wp-json\/wp\/v2\/posts\/42796\/revisions"}],"wp:featuredmedia":[{"embeddable":true,"href":"https:\/\/mediarun.com\/pl\/wp-json\/wp\/v2\/media\/42797"}],"wp:attachment":[{"href":"https:\/\/mediarun.com\/pl\/wp-json\/wp\/v2\/media?parent=42796"}],"wp:term":[{"taxonomy":"category","embeddable":true,"href":"https:\/\/mediarun.com\/pl\/wp-json\/wp\/v2\/categories?post=42796"},{"taxonomy":"post_tag","embeddable":true,"href":"https:\/\/mediarun.com\/pl\/wp-json\/wp\/v2\/tags?post=42796"}],"curies":[{"name":"wp","href":"https:\/\/api.w.org\/{rel}","templated":true}]}}