{"id":42768,"date":"2008-12-17T13:36:09","date_gmt":"2008-12-17T12:36:09","guid":{"rendered":"https:\/\/mediarun.com\/index.php\/news-posts\/media-komercyjne-nie-sa-odpowiedzialne-spolecznie\/"},"modified":"2008-12-17T13:36:09","modified_gmt":"2008-12-17T12:36:09","slug":"media-komercyjne-nie-sa-odpowiedzialne-spolecznie","status":"publish","type":"post","link":"https:\/\/mediarun.com\/pl\/trendy\/badania\/media-komercyjne-nie-sa-odpowiedzialne-spolecznie.html","title":{"rendered":"Media komercyjne nie s\u0105 odpowiedzialne spo\u0142ecznie"},"content":{"rendered":"<p>&#8211; wynika z raportu &#8222;Spo\u0142eczna odpowiedzialno\u015b\u0107 medi&oacute;w w systemie gospodarki rynkowej&#8221; opracowanego przez dr Krzysztofa R. Nowakowskiego z Instytutu Socjologii UW.<\/p>\n<p>Badanie przeprowadzono na pr&oacute;bie 713 dziennikarzy i specjalist&oacute;w ds. public relations. Na podstawie odpowiedzi zosta\u0142 opracowany indeks odpowiedzialno\u015bci spo\u0142ecznej medi&oacute;w. Im wy\u017cszy jest indeks, tym wi\u0119ksza jest odpowiedzialno\u015b\u0107 spo\u0142eczna \u015brodk&oacute;w masowego przekazu.<\/p>\n<p>Ankietowani ocenili, \u017ce mediami najbardziej odpowiedzialnymi spo\u0142ecznie jest radio publiczne, kt&oacute;re uzyska\u0142o indeks o warto\u015bci 10,1. Na drugim miejscu jest prasa oraz telewizja publiczna z indeksem 9,9, na trzecim telewizja komercyjna (8,5), kolejny jest internet (8.0), a na samym ko\u0144cu radio komercyjne (7,6).<\/p>\n<p>&nbsp;<\/p>\n<p><strong>Finansowanie medi&oacute;w publicznych<\/strong><\/p>\n<p>Wed\u0142ug 48 proc. badanych, finansowanie medi&oacute;w publicznych powinno pochodzi\u0107 zar&oacute;wno z reklam jak i bud\u017cetu pa\u0144stwa. Najgorsz\u0105 mo\u017cliwo\u015bci\u0105 jest finansowanie tylko z abonamentu, czemu przeciwnych by\u0142o 77,2 proc. os&oacute;b, i finansowanie tylko z reklam &#8211; 75,2 proc. przeciwnik&oacute;w oraz finansowanie tylko z bud\u017cetu pa\u0144stwa &#8211; 65,7 proc. oponent&oacute;w.<\/p>\n<p>Badanie ankietowe by\u0142o prowadzone od maja do lipca 2008 r.<\/p>\n","protected":false},"excerpt":{"rendered":"Najbardziej odpowiedzialne spo\u0142ecznie media to radio publiczne, prasa oraz telewizja publiczna, a najmniej radio komercyjne&#8230;","protected":false},"author":1,"featured_media":42769,"comment_status":"open","ping_status":"closed","sticky":false,"template":"","format":"standard","meta":{"csco_display_header_overlay":false,"csco_singular_sidebar":"","csco_page_header_type":"","csco_page_load_nextpost":"","csco_post_video_location":[],"csco_post_video_location_hash":"","csco_post_video_url":"","csco_post_video_bg_start_time":0,"csco_post_video_bg_end_time":0,"footnotes":""},"categories":[9662],"tags":[1420,407,392],"class_list":{"0":"post-42768","1":"post","2":"type-post","3":"status-publish","4":"format-standard","5":"has-post-thumbnail","7":"category-badania","8":"tag-instytut-monitorowania-mediow","9":"tag-krrit","10":"tag-tvp","11":"cs-entry","12":"cs-video-wrap"},"_links":{"self":[{"href":"https:\/\/mediarun.com\/pl\/wp-json\/wp\/v2\/posts\/42768","targetHints":{"allow":["GET"]}}],"collection":[{"href":"https:\/\/mediarun.com\/pl\/wp-json\/wp\/v2\/posts"}],"about":[{"href":"https:\/\/mediarun.com\/pl\/wp-json\/wp\/v2\/types\/post"}],"author":[{"embeddable":true,"href":"https:\/\/mediarun.com\/pl\/wp-json\/wp\/v2\/users\/1"}],"replies":[{"embeddable":true,"href":"https:\/\/mediarun.com\/pl\/wp-json\/wp\/v2\/comments?post=42768"}],"version-history":[{"count":0,"href":"https:\/\/mediarun.com\/pl\/wp-json\/wp\/v2\/posts\/42768\/revisions"}],"wp:featuredmedia":[{"embeddable":true,"href":"https:\/\/mediarun.com\/pl\/wp-json\/wp\/v2\/media\/42769"}],"wp:attachment":[{"href":"https:\/\/mediarun.com\/pl\/wp-json\/wp\/v2\/media?parent=42768"}],"wp:term":[{"taxonomy":"category","embeddable":true,"href":"https:\/\/mediarun.com\/pl\/wp-json\/wp\/v2\/categories?post=42768"},{"taxonomy":"post_tag","embeddable":true,"href":"https:\/\/mediarun.com\/pl\/wp-json\/wp\/v2\/tags?post=42768"}],"curies":[{"name":"wp","href":"https:\/\/api.w.org\/{rel}","templated":true}]}}