{"id":42594,"date":"2008-12-23T09:29:25","date_gmt":"2008-12-23T08:29:25","guid":{"rendered":"https:\/\/mediarun.com\/index.php\/news-posts\/rzady-dwoch-prezesow\/"},"modified":"2008-12-23T09:29:25","modified_gmt":"2008-12-23T08:29:25","slug":"rzady-dwoch-prezesow","status":"publish","type":"post","link":"https:\/\/mediarun.com\/pl\/media\/tv\/rzady-dwoch-prezesow.html","title":{"rendered":"Rz\u0105dy dw\u00f3ch prezes\u00f3w"},"content":{"rendered":"<p>Kolejna ods\u0142ona bitwy o w\u0142adz\u0119 nad TVP SA rozpocz\u0119\u0142a si\u0119 rano od wizyty S\u0142awomira Siwka w siedzibie Krajowego Rejestru S\u0105dowego. Wiceprezes Telewizji Polskiej z\u0142o\u017cy\u0142 tam zastrze\u017cenie, \u017ce nie mo\u017cna dokonywa\u0107 zmian w rejestrach dotycz\u0105cych w\u0142adz sp&oacute;\u0142ki, gdy\u017c decyzje podj\u0119te w pi\u0105tek przez zdekompletowan\u0105 rad\u0119 nadzorcz\u0105 s\u0105 bezprawne.<\/p>\n<p>Wi\u0119cej na <a href=\"http:\/\/http:\/\/www.zw.com.pl\">http:\/\/www.zw.com.pl<\/a><\/p>\n","protected":false},"excerpt":{"rendered":"TVP Info odm&oacute;wi\u0142a transmisji konferencji Piotra Farfa\u0142a. Ten cofn\u0105\u0142 pe\u0142nomocnictwa czterem dyrektorom, bo utracili zaufanie &#8211; t\u0142umaczy\u0142 sw\u0105 decyzj\u0119.","protected":false},"author":1,"featured_media":42595,"comment_status":"open","ping_status":"closed","sticky":false,"template":"","format":"standard","meta":{"csco_display_header_overlay":false,"csco_singular_sidebar":"","csco_page_header_type":"","csco_page_load_nextpost":"","csco_post_video_location":[],"csco_post_video_location_hash":"","csco_post_video_url":"","csco_post_video_bg_start_time":0,"csco_post_video_bg_end_time":0,"footnotes":""},"categories":[9670],"tags":[392],"class_list":{"0":"post-42594","1":"post","2":"type-post","3":"status-publish","4":"format-standard","5":"has-post-thumbnail","7":"category-tv","8":"tag-tvp","9":"cs-entry","10":"cs-video-wrap"},"_links":{"self":[{"href":"https:\/\/mediarun.com\/pl\/wp-json\/wp\/v2\/posts\/42594","targetHints":{"allow":["GET"]}}],"collection":[{"href":"https:\/\/mediarun.com\/pl\/wp-json\/wp\/v2\/posts"}],"about":[{"href":"https:\/\/mediarun.com\/pl\/wp-json\/wp\/v2\/types\/post"}],"author":[{"embeddable":true,"href":"https:\/\/mediarun.com\/pl\/wp-json\/wp\/v2\/users\/1"}],"replies":[{"embeddable":true,"href":"https:\/\/mediarun.com\/pl\/wp-json\/wp\/v2\/comments?post=42594"}],"version-history":[{"count":0,"href":"https:\/\/mediarun.com\/pl\/wp-json\/wp\/v2\/posts\/42594\/revisions"}],"wp:featuredmedia":[{"embeddable":true,"href":"https:\/\/mediarun.com\/pl\/wp-json\/wp\/v2\/media\/42595"}],"wp:attachment":[{"href":"https:\/\/mediarun.com\/pl\/wp-json\/wp\/v2\/media?parent=42594"}],"wp:term":[{"taxonomy":"category","embeddable":true,"href":"https:\/\/mediarun.com\/pl\/wp-json\/wp\/v2\/categories?post=42594"},{"taxonomy":"post_tag","embeddable":true,"href":"https:\/\/mediarun.com\/pl\/wp-json\/wp\/v2\/tags?post=42594"}],"curies":[{"name":"wp","href":"https:\/\/api.w.org\/{rel}","templated":true}]}}