{"id":42566,"date":"2008-12-23T16:51:12","date_gmt":"2008-12-23T15:51:12","guid":{"rendered":"https:\/\/mediarun.com\/index.php\/news-posts\/axn-pokaze-2-sezon-kronik-sary-connor\/"},"modified":"2008-12-23T16:51:12","modified_gmt":"2008-12-23T15:51:12","slug":"axn-pokaze-2-sezon-kronik-sary-connor","status":"publish","type":"post","link":"https:\/\/mediarun.com\/pl\/media\/tv\/axn-pokaze-2-sezon-kronik-sary-connor.html","title":{"rendered":"AXN poka\u017ce 2 sezon &#8222;Kronik Sary Connor&#8221;"},"content":{"rendered":"<p>W drugiej serii produkcji Sara b\u0119dzie musia\u0142a zmierzy\u0107 si\u0119 z technologicznym wrogiem w osamotnionej walce o \u017cycie 16-letniego syna, Johna, i przysz\u0142o\u015b\u0107 ludzko\u015bci.<\/p>\n<p>Nowy sezon &#8222;Terminatora: Kronik Sary Connor&#8221; zadebiutuje na antenie AXN w niedziel\u0119, 11 stycznia 2009 r., o godz. 22.00.<\/p>\n<p>Za produkcj\u0119 serialowej wersji kinowego hitu odpowiadaj\u0105 Josh Friedman, Gale Anne Huld, James Cameron, Mario Kassar i Jill Lopez Dalton. Serial otrzyma\u0142 3 nominacje do nagrody Emmy i 5 do Teen Choice Award.<\/p>\n","protected":false},"excerpt":{"rendered":"W styczniu 2009 r. AXN rozpocznie emisj\u0119 drugiego sezonu serialu &#8222;Terminator: Kroniki Sary Connor&#8221;.","protected":false},"author":1,"featured_media":42567,"comment_status":"open","ping_status":"closed","sticky":false,"template":"","format":"standard","meta":{"csco_display_header_overlay":false,"csco_singular_sidebar":"","csco_page_header_type":"","csco_page_load_nextpost":"","csco_post_video_location":[],"csco_post_video_location_hash":"","csco_post_video_url":"","csco_post_video_bg_start_time":0,"csco_post_video_bg_end_time":0,"footnotes":""},"categories":[9670],"tags":[553],"class_list":{"0":"post-42566","1":"post","2":"type-post","3":"status-publish","4":"format-standard","5":"has-post-thumbnail","7":"category-tv","8":"tag-axn","9":"cs-entry","10":"cs-video-wrap"},"_links":{"self":[{"href":"https:\/\/mediarun.com\/pl\/wp-json\/wp\/v2\/posts\/42566","targetHints":{"allow":["GET"]}}],"collection":[{"href":"https:\/\/mediarun.com\/pl\/wp-json\/wp\/v2\/posts"}],"about":[{"href":"https:\/\/mediarun.com\/pl\/wp-json\/wp\/v2\/types\/post"}],"author":[{"embeddable":true,"href":"https:\/\/mediarun.com\/pl\/wp-json\/wp\/v2\/users\/1"}],"replies":[{"embeddable":true,"href":"https:\/\/mediarun.com\/pl\/wp-json\/wp\/v2\/comments?post=42566"}],"version-history":[{"count":0,"href":"https:\/\/mediarun.com\/pl\/wp-json\/wp\/v2\/posts\/42566\/revisions"}],"wp:featuredmedia":[{"embeddable":true,"href":"https:\/\/mediarun.com\/pl\/wp-json\/wp\/v2\/media\/42567"}],"wp:attachment":[{"href":"https:\/\/mediarun.com\/pl\/wp-json\/wp\/v2\/media?parent=42566"}],"wp:term":[{"taxonomy":"category","embeddable":true,"href":"https:\/\/mediarun.com\/pl\/wp-json\/wp\/v2\/categories?post=42566"},{"taxonomy":"post_tag","embeddable":true,"href":"https:\/\/mediarun.com\/pl\/wp-json\/wp\/v2\/tags?post=42566"}],"curies":[{"name":"wp","href":"https:\/\/api.w.org\/{rel}","templated":true}]}}