{"id":42376,"date":"2009-01-06T09:20:42","date_gmt":"2009-01-06T08:20:42","guid":{"rendered":"https:\/\/mediarun.com\/index.php\/news-posts\/szefowie-tvp1-zwolnieni\/"},"modified":"2009-01-06T09:20:42","modified_gmt":"2009-01-06T08:20:42","slug":"szefowie-tvp1-zwolnieni","status":"publish","type":"post","link":"https:\/\/mediarun.com\/pl\/media\/tv\/szefowie-tvp1-zwolnieni.html","title":{"rendered":"Szefowie TVP1 zwolnieni"},"content":{"rendered":"<p>&#8211; poinformowa\u0142 cz\u0142onek zarz\u0105du TVP Tomasz Rudomino.<\/p>\n<p>Obowi\u0105zki szefa Jedynki pe\u0142ni obecnie dotychczasowa wicedyrektor anteny El\u017cbieta Szumska. Rudomino nie odpowiedzia\u0142 na pytanie, kiedy Jedynka b\u0119dzie mia\u0142a nowego dyrektora.<\/p>\n<p>Macieja kierowa\u0142a TVP1 od po\u0142owy marca 2008 roku, wcze\u015bniej by\u0142a szefow\u0105 &#8222;Wiadomo\u015bci&#8221;.<\/p>\n<p>Wcze\u015bniej nowy zarz\u0105d TVP zwolni\u0142 m.in. szefow\u0105 Agencji Informacji TVP Aleksandr\u0119 Zaw\u0142ock\u0105 i wiceszefow\u0105 AI oraz szefow\u0105 TVP Info Beat\u0119 Jakoniuk-Wojcieszak. P.o. szefem AI zosta\u0142 tymczasowo by\u0142y wicedyrektor Agencji Janusz Sejmej.<\/p>\n<p>Rudomino nie potwierdza natomiast zmian personalnych w &#8222;Wiadomo\u015bciach&#8221;. Programem ca\u0142y czas kieruje Krzysztof Rak &#8211; powiedzia\u0142 Rudomino.<\/p>\n<p>We wtorek nowy zarz\u0105d TVP zajmie si\u0119 sprawami finansowymi, ma tak\u017ce przejrze\u0107 przygotowan\u0105 jeszcze przez poprzedni zarz\u0105d ram&oacute;wk\u0119, kt&oacute;ra obecnie jest &#8222;analizowana kosztowo&#8221;.<\/p>\n<p>19 grudnia rada nadzorcza TVP zawiesi\u0142a trzech cz\u0142onk&oacute;w zarz\u0105du TVP: Andrzeja Urba\u0144skiego, Marcina Bochenka i S\u0142awomira Siwka, na p.o. prezesa powo\u0142a\u0142a Piotra Farfa\u0142a, a do zarz\u0105du oddelegowa\u0142a Tomasza Rudomin\u0119.<\/p>\n","protected":false},"excerpt":{"rendered":"Dyrektor TVP1 Dorota Macieja i jej zast\u0119pca do spraw programowych Wojciech Hoflik otrzymali w poniedzia\u0142ek wypowiedzenia&#8230;","protected":false},"author":1,"featured_media":42377,"comment_status":"open","ping_status":"closed","sticky":false,"template":"","format":"standard","meta":{"csco_display_header_overlay":false,"csco_singular_sidebar":"","csco_page_header_type":"","csco_page_load_nextpost":"","csco_post_video_location":[],"csco_post_video_location_hash":"","csco_post_video_url":"","csco_post_video_bg_start_time":0,"csco_post_video_bg_end_time":0,"footnotes":""},"categories":[9670],"tags":[314,558,1096],"class_list":{"0":"post-42376","1":"post","2":"type-post","3":"status-publish","4":"format-standard","5":"has-post-thumbnail","7":"category-tv","8":"tag-pap","9":"tag-tvp1","10":"tag-wiadomosci","11":"cs-entry","12":"cs-video-wrap"},"_links":{"self":[{"href":"https:\/\/mediarun.com\/pl\/wp-json\/wp\/v2\/posts\/42376","targetHints":{"allow":["GET"]}}],"collection":[{"href":"https:\/\/mediarun.com\/pl\/wp-json\/wp\/v2\/posts"}],"about":[{"href":"https:\/\/mediarun.com\/pl\/wp-json\/wp\/v2\/types\/post"}],"author":[{"embeddable":true,"href":"https:\/\/mediarun.com\/pl\/wp-json\/wp\/v2\/users\/1"}],"replies":[{"embeddable":true,"href":"https:\/\/mediarun.com\/pl\/wp-json\/wp\/v2\/comments?post=42376"}],"version-history":[{"count":0,"href":"https:\/\/mediarun.com\/pl\/wp-json\/wp\/v2\/posts\/42376\/revisions"}],"wp:featuredmedia":[{"embeddable":true,"href":"https:\/\/mediarun.com\/pl\/wp-json\/wp\/v2\/media\/42377"}],"wp:attachment":[{"href":"https:\/\/mediarun.com\/pl\/wp-json\/wp\/v2\/media?parent=42376"}],"wp:term":[{"taxonomy":"category","embeddable":true,"href":"https:\/\/mediarun.com\/pl\/wp-json\/wp\/v2\/categories?post=42376"},{"taxonomy":"post_tag","embeddable":true,"href":"https:\/\/mediarun.com\/pl\/wp-json\/wp\/v2\/tags?post=42376"}],"curies":[{"name":"wp","href":"https:\/\/api.w.org\/{rel}","templated":true}]}}