{"id":42360,"date":"2009-01-06T12:04:19","date_gmt":"2009-01-06T11:04:19","guid":{"rendered":"https:\/\/mediarun.com\/index.php\/news-posts\/owsiak-przekonal-tvp\/"},"modified":"2009-01-06T12:04:19","modified_gmt":"2009-01-06T11:04:19","slug":"owsiak-przekonal-tvp","status":"publish","type":"post","link":"https:\/\/mediarun.com\/pl\/media\/tv\/owsiak-przekonal-tvp.html","title":{"rendered":"Owsiak przekona\u0142 TVP"},"content":{"rendered":"<p>Szef Wielkiej Orkiestry \u015awi\u0105tecznej Pomocy Jurek Owsiak zarzuca\u0142 Dw&oacute;jce, \u017ce ogranicza czas transmisji fina\u0142&oacute;w.<\/p>\n<p>&#8211; Przed rokiem, w czasie XVI Fina\u0142u, obci\u0119to nam czas o po\u0142ow\u0119 w stosunku do lat poprzednich. Nie walczyli\u015bmy z t\u0105 decyzj\u0105. Ale teraz obci\u0119to nam kolejne minuty w najlepszym czasie antenowym, gdy mieli\u015bmy ju\u017c gotowy scenariusz i zaproszonych go\u015bci &#8211; m&oacute;wi Owsiak.<\/p>\n<p>Podczas konferencji prasowej Owsiak poprosi\u0142 dyrektora II Programu TVP, Wojciecha Pawlaka, o przywr&oacute;cenie odebranych 38 minut przekazu na \u017cywo na antenie TVP2 z fina\u0142u WO\u015aP, kt&oacute;re zosta\u0142y wcze\u015bniej ustalone w czasie serii spotka\u0144 produkcyjnych w gmachu Telewizji.<\/p>\n<p>W\u0142adze Dw&oacute;jki nie chcia\u0142y si\u0119 zgodzi\u0107 na przewr&oacute;cenie czasu antenowego, poniewa\u017c telewizja mia\u0142a zakontraktowan\u0105 emisj\u0119 reklam, z kt&oacute;rej nie mog\u0142a sie wycofa\u0107. Jednak po apelach ze strony szefa WO\u015aP Telewizja Polska zapowiedzia\u0142a wyd\u0142u\u017cenie o ok. 40 minut czasu transmisji tegorocznego fina\u0142u Wielkiej Orkiestry \u015awi\u0105tecznej Pomocy na antenie TVP2.<\/p>\n<p>\u0141\u0105cznie czas antenowy po\u015bwi\u0119cony relacjom w TVP2 to 4 godz. 30 minut.<\/p>\n","protected":false},"excerpt":{"rendered":"Zarz\u0105d TVP wys\u0142ucha\u0142 pro\u015bby Owsiaka. Czas transmisji tegorocznego fina\u0142u Wielkiej Orkiestry \u015awi\u0105tecznej Pomocy na antenie Dw&oacute;jki zostanie wyd\u0142u\u017cony o 40 min.","protected":false},"author":1,"featured_media":42361,"comment_status":"open","ping_status":"closed","sticky":false,"template":"","format":"standard","meta":{"csco_display_header_overlay":false,"csco_singular_sidebar":"","csco_page_header_type":"","csco_page_load_nextpost":"","csco_post_video_location":[],"csco_post_video_location_hash":"","csco_post_video_url":"","csco_post_video_bg_start_time":0,"csco_post_video_bg_end_time":0,"footnotes":""},"categories":[9670],"tags":[610,635],"class_list":{"0":"post-42360","1":"post","2":"type-post","3":"status-publish","4":"format-standard","5":"has-post-thumbnail","7":"category-tv","8":"tag-tvp2","9":"tag-wosp","10":"cs-entry","11":"cs-video-wrap"},"_links":{"self":[{"href":"https:\/\/mediarun.com\/pl\/wp-json\/wp\/v2\/posts\/42360","targetHints":{"allow":["GET"]}}],"collection":[{"href":"https:\/\/mediarun.com\/pl\/wp-json\/wp\/v2\/posts"}],"about":[{"href":"https:\/\/mediarun.com\/pl\/wp-json\/wp\/v2\/types\/post"}],"author":[{"embeddable":true,"href":"https:\/\/mediarun.com\/pl\/wp-json\/wp\/v2\/users\/1"}],"replies":[{"embeddable":true,"href":"https:\/\/mediarun.com\/pl\/wp-json\/wp\/v2\/comments?post=42360"}],"version-history":[{"count":0,"href":"https:\/\/mediarun.com\/pl\/wp-json\/wp\/v2\/posts\/42360\/revisions"}],"wp:featuredmedia":[{"embeddable":true,"href":"https:\/\/mediarun.com\/pl\/wp-json\/wp\/v2\/media\/42361"}],"wp:attachment":[{"href":"https:\/\/mediarun.com\/pl\/wp-json\/wp\/v2\/media?parent=42360"}],"wp:term":[{"taxonomy":"category","embeddable":true,"href":"https:\/\/mediarun.com\/pl\/wp-json\/wp\/v2\/categories?post=42360"},{"taxonomy":"post_tag","embeddable":true,"href":"https:\/\/mediarun.com\/pl\/wp-json\/wp\/v2\/tags?post=42360"}],"curies":[{"name":"wp","href":"https:\/\/api.w.org\/{rel}","templated":true}]}}