{"id":4233,"date":"2012-10-17T22:39:19","date_gmt":"2012-10-17T20:39:19","guid":{"rendered":"https:\/\/mediarun.com\/index.php\/news-posts\/react-for-world-juz-w-warszawie\/"},"modified":"2012-10-17T22:39:19","modified_gmt":"2012-10-17T20:39:19","slug":"react-for-world-juz-w-warszawie","status":"publish","type":"post","link":"https:\/\/mediarun.com\/pl\/trendy\/branding\/react-for-world-juz-w-warszawie.html","title":{"rendered":"&#8222;React For World&#8221; ju\u017c\u00a0w Warszawie"},"content":{"rendered":"<p>W spotkaniu wzi\u0119li udzia\u0142 przedstawiciele partner&oacute;w wystawy, kt&oacute;rzy wsp&oacute;lnie zastanawiali si\u0119 nad rozwojem edukacji spo\u0142ecznej.<\/p>\n<p>&#8222;React For World&#8221; to wystawa prezentuj\u0105ca najlepsze mi\u0119dzynarodowe kampanie dotycz\u0105ce ekologii, zr&oacute;wnowa\u017conego rozwoju oraz ochrony \u015brodowiska, jak r&oacute;wnie\u017c wyr&oacute;wnywania szans spo\u0142ecznych.<\/p>\n<p>Inauguracja wystawy w Warszawie sta\u0142a si\u0119 okazj\u0105 do dyskusji na temat edukacji spo\u0142ecznej. Wystawa zosta\u0142a obj\u0119ta Patronatem Honorowym Prezydenta Miasta Gda\u0144sk, Patronatem Honorowym Prezydent Miasta st. Warszawy, Ambasady Kr&oacute;lestwa Danii oraz Ambasady Kr&oacute;lestwa Szwecji.<\/p>\n<p>Mecenasem wystawy jest PKO Bank Polski. Jako partnerzy akcj\u0119 wspieraj\u0105: Urz\u0105d Miasta Gda\u0144sk, PwC, Electrolux, Danone oraz Grupa Raben. Wsparcie merytoryczne wystawy zapewniaj\u0105 WWF Polska, UNICEF Polska, Fundacja Nasza Ziemia oraz Stowarzyszenie Wiosna.<\/p>\n<p>Pawe\u0142 Netczuk, organizator wystawy podkre\u015bla\u0142, \u017ce jej ide\u0105 jest zwr&oacute;cenie uwagi na najlepsze kampanie spo\u0142eczne, kt&oacute;re dzi\u0119ki prezentowaniu w przestrzeni miejskiej mog\u0105 ponownie oddzia\u0142ywa\u0107 na spo\u0142ecze\u0144stwo.<\/p>\n<p>Na spotkaniu przedstawiono do\u015bwiadczenia pa\u0144stw skandynawskich w edukacji spo\u0142ecznej na rzecz zr&oacute;wnowa\u017conego stylu \u017cycia. Rozmawiali o tym Zast\u0119pca Szefa Misji Ambasady Danii w Polsce Erik Rasmussen oraz Vanda Czifra z Ambasady Szwecji. Oboje podkre\u015blali rol\u0119 biznesu w wspieraniu dzia\u0142a\u0144 zwi\u0105zanych z edukacj\u0105.<\/p>\n<p>Jak wa\u017cny jest wk\u0142ad biznesu w edukacj\u0119 spo\u0142eczn\u0105 u\u015bwiadamia\u0142 zebranym r&oacute;wnie\u017c Dr Boles\u0142aw Rok z Akademii Leona Ko\u017ami\u0144skiego, zwracaj\u0105c uwag\u0119, \u017ce coraz istotniejszy staje si\u0119 marketing obywatelski biznesu, czyli rzecznictwo dla wsp&oacute;lnego dobra. Zagadnienia dotycz\u0105ce odpowiedzialno\u015bci spo\u0142ecznej biznesu oraz odpowiedzialnej komunikacji zaprezentowa\u0142a Pani Agata Stafiej-Bartosik, Starszy Mened\u017cer w Zespole ds. Zr&oacute;wnowa\u017conego Rozwoju i Odpowiedzialnego  Biznesu firmy PwC.<\/p>\n<p>Przyk\u0142ad zr&oacute;wnowa\u017conego, odpowiedzialnego spo\u0142ecznie biznesu, w kt&oacute;rym edukacja odgrywa wa\u017cn\u0105 rol\u0119 zaprezentowa\u0142a Dominika Kosman, Rzecznik Prasowy firmy Electrolux. Mi\u0119dzynarodowa kampania &bdquo;Odkurzacze z morza&#8221;, kt&oacute;ra zwraca uwag\u0119 na problem zanieczyszczenia m&oacute;rz i ocean&oacute;w odpadami z plastiku zosta\u0142a doceniona Z\u0142otym Lwem na Festiwalu Cannes Lions 2011 w kategorii PR oraz nagrod\u0105 Organizacji Narod&oacute;w Zjednoczonych za projekt ekologiczny. <\/p>\n<p>Polskim przyk\u0142adem odpowiedzialnego biznesu po\u0142\u0105czonego z kampani\u0105 edukacyjn\u0105 by\u0142y zaprezentowane przez Magdalen\u0119 Lejman z PKO Banku Polskiego Program Edukacji Ekonomicznej Najm\u0142odszych, kt&oacute;rego podstaw\u0119 stanowi\u0105 Szkolne Kasy Oszcz\u0119dno\u015bci oraz Bankowa Akcja Honorowego Krwiodawstwa, promuj\u0105ca ide\u0119 krwiodawstwa, krwiolecznictwa, zdrowego trybu \u017cycia i ratownictwa. W obu projektach kluczowe jest dotarcie z edukacyjnym przekazem do jak najszerszego grona odbiorc&oacute;w. Realizacj\u0119 tego celu zapewnia wykorzystanie przez bank nowoczesnych kana\u0142&oacute;w i narz\u0119dzi komunikacji &#8211; od organizacji event&oacute;w, przez wydawnictwa drukowane, a\u017c po dedykowane newslettery elektroniczne, media spo\u0142eczno\u015bciowe i w\u0142asne studio telewizyjne.<\/p>\n<p>Opr&oacute;cz przedstawicieli patron&oacute;w honorowych oraz partner&oacute;w wystawy w spotkaniu wzi\u0119li r&oacute;wnie\u017c udzia\u0142 przedstawiciele partner&oacute;w merytorycznych. Kuba Marczy\u0144ski Dyrektor Kreatywny Stowarzyszenia Wiosna, m&oacute;wi\u0142 o roli os&oacute;b publicznych w wspieraniu kampanii organizacji pozarz\u0105dowych. W czasie spotkania odby\u0142o si\u0119 r&oacute;wnie\u017c wr\u0119czenie podpisanego przez mieszka\u0144c&oacute;w Warszawy plakatu z tegorocznej akcji Sprz\u0105tanie \u015awiata, kt&oacute;ry w imieniu Prezydent Warszawy, Hanny Gronkiewicz Waltz odebra\u0142 Piotr Karczewski &#8211; wicedyrektor Biura Ochrony \u015arodowiska Urz\u0119du Miasta Warszawy. Fundacja Nasza Ziemia wr\u0119czy\u0142a r&oacute;wnie\u017c nagrody dla zwyci\u0119skich gmin w tegorocznej edycji programu Gmina Przyjazna Ba\u0142tykowi.<\/p>\n<p>Wystawa b\u0119dzie go\u015bci\u0107 w Warszawie do 28 pa\u017adziernika, a p&oacute;\u017aniej b\u0119dzie mo\u017cna j\u0105 ogl\u0105da\u0107 w \u0141odzi na terenie Centrum Manufaktura oraz w Krakowie na Rynku G\u0142&oacute;wnym.<\/p>\n","protected":false},"excerpt":{"rendered":"12 pa\u017adziernika na Krakowskim Przedmie\u015bciu w Skwerze Hoovera odby\u0142o si\u0119 spotkanie inauguruj\u0105ce wystaw\u0119 &#8222;React For World&#8221; w Warszawie.","protected":false},"author":1,"featured_media":4234,"comment_status":"open","ping_status":"closed","sticky":false,"template":"","format":"standard","meta":{"csco_display_header_overlay":false,"csco_singular_sidebar":"","csco_page_header_type":"","csco_page_load_nextpost":"","csco_post_video_location":[],"csco_post_video_location_hash":"","csco_post_video_url":"","csco_post_video_bg_start_time":0,"csco_post_video_bg_end_time":0,"footnotes":""},"categories":[9658],"tags":[837],"class_list":{"0":"post-4233","1":"post","2":"type-post","3":"status-publish","4":"format-standard","5":"has-post-thumbnail","7":"category-branding","8":"tag-react-for-world","9":"cs-entry","10":"cs-video-wrap"},"_links":{"self":[{"href":"https:\/\/mediarun.com\/pl\/wp-json\/wp\/v2\/posts\/4233","targetHints":{"allow":["GET"]}}],"collection":[{"href":"https:\/\/mediarun.com\/pl\/wp-json\/wp\/v2\/posts"}],"about":[{"href":"https:\/\/mediarun.com\/pl\/wp-json\/wp\/v2\/types\/post"}],"author":[{"embeddable":true,"href":"https:\/\/mediarun.com\/pl\/wp-json\/wp\/v2\/users\/1"}],"replies":[{"embeddable":true,"href":"https:\/\/mediarun.com\/pl\/wp-json\/wp\/v2\/comments?post=4233"}],"version-history":[{"count":0,"href":"https:\/\/mediarun.com\/pl\/wp-json\/wp\/v2\/posts\/4233\/revisions"}],"wp:featuredmedia":[{"embeddable":true,"href":"https:\/\/mediarun.com\/pl\/wp-json\/wp\/v2\/media\/4234"}],"wp:attachment":[{"href":"https:\/\/mediarun.com\/pl\/wp-json\/wp\/v2\/media?parent=4233"}],"wp:term":[{"taxonomy":"category","embeddable":true,"href":"https:\/\/mediarun.com\/pl\/wp-json\/wp\/v2\/categories?post=4233"},{"taxonomy":"post_tag","embeddable":true,"href":"https:\/\/mediarun.com\/pl\/wp-json\/wp\/v2\/tags?post=4233"}],"curies":[{"name":"wp","href":"https:\/\/api.w.org\/{rel}","templated":true}]}}