{"id":42046,"date":"2009-01-13T13:33:52","date_gmt":"2009-01-13T12:33:52","guid":{"rendered":"https:\/\/mediarun.com\/index.php\/news-posts\/smilowski-w-change-integrated\/"},"modified":"2009-01-13T13:33:52","modified_gmt":"2009-01-13T12:33:52","slug":"smilowski-w-change-integrated","status":"publish","type":"post","link":"https:\/\/mediarun.com\/pl\/ludzie\/awanse\/smilowski-w-change-integrated.html","title":{"rendered":"\u015ami\u0142owski w Change Integrated"},"content":{"rendered":"<p>Do tej pory zajmowa\u0142 stanowisko senior strategic plannera, a prac\u0119 dzia\u0142u strategii nadzorowa\u0142 Marek \u017bo\u0142\u0119dziowski, CEO grupy Change Integrated.<\/p>\n<p>\u015ami\u0142owski kieruje pracami zespo\u0142u strategicznego prowadzonymi dla wszystkich marek klient&oacute;w obs\u0142ugiwanych przez grup\u0119, m.in. BMW, GlaxoSmithKline, Grupa \u017bywiec, Link4, Play, Polpharma.<\/p>\n<p>Wcze\u015bniej \u015ami\u0142owski by\u0142 zwi\u0105zany z BBDO oraz D&#8217;Arcy\/G7.<\/p>\n","protected":false},"excerpt":{"rendered":"Adam \u015ami\u0142owski awansowa\u0142 na stanowisko dyrektora strategicznego grupy Change Integrated.","protected":false},"author":1,"featured_media":42047,"comment_status":"open","ping_status":"closed","sticky":false,"template":"","format":"standard","meta":{"csco_display_header_overlay":false,"csco_singular_sidebar":"","csco_page_header_type":"","csco_page_load_nextpost":"","csco_post_video_location":[],"csco_post_video_location_hash":"","csco_post_video_url":"","csco_post_video_bg_start_time":0,"csco_post_video_bg_end_time":0,"footnotes":""},"categories":[9678],"tags":[933],"class_list":{"0":"post-42046","1":"post","2":"type-post","3":"status-publish","4":"format-standard","5":"has-post-thumbnail","7":"category-awanse","8":"tag-change-integrated","9":"cs-entry","10":"cs-video-wrap"},"_links":{"self":[{"href":"https:\/\/mediarun.com\/pl\/wp-json\/wp\/v2\/posts\/42046","targetHints":{"allow":["GET"]}}],"collection":[{"href":"https:\/\/mediarun.com\/pl\/wp-json\/wp\/v2\/posts"}],"about":[{"href":"https:\/\/mediarun.com\/pl\/wp-json\/wp\/v2\/types\/post"}],"author":[{"embeddable":true,"href":"https:\/\/mediarun.com\/pl\/wp-json\/wp\/v2\/users\/1"}],"replies":[{"embeddable":true,"href":"https:\/\/mediarun.com\/pl\/wp-json\/wp\/v2\/comments?post=42046"}],"version-history":[{"count":0,"href":"https:\/\/mediarun.com\/pl\/wp-json\/wp\/v2\/posts\/42046\/revisions"}],"wp:featuredmedia":[{"embeddable":true,"href":"https:\/\/mediarun.com\/pl\/wp-json\/wp\/v2\/media\/42047"}],"wp:attachment":[{"href":"https:\/\/mediarun.com\/pl\/wp-json\/wp\/v2\/media?parent=42046"}],"wp:term":[{"taxonomy":"category","embeddable":true,"href":"https:\/\/mediarun.com\/pl\/wp-json\/wp\/v2\/categories?post=42046"},{"taxonomy":"post_tag","embeddable":true,"href":"https:\/\/mediarun.com\/pl\/wp-json\/wp\/v2\/tags?post=42046"}],"curies":[{"name":"wp","href":"https:\/\/api.w.org\/{rel}","templated":true}]}}