{"id":42044,"date":"2009-01-13T13:41:57","date_gmt":"2009-01-13T12:41:57","guid":{"rendered":"https:\/\/mediarun.com\/index.php\/news-posts\/krzyzanowska-zastepca-dyrektora-jedynki\/"},"modified":"2009-01-13T13:41:57","modified_gmt":"2009-01-13T12:41:57","slug":"krzyzanowska-zastepca-dyrektora-jedynki","status":"publish","type":"post","link":"https:\/\/mediarun.com\/pl\/ludzie\/awanse\/krzyzanowska-zastepca-dyrektora-jedynki.html","title":{"rendered":"Krzy\u017canowska zast\u0119pc\u0105 dyrektora Jedynki"},"content":{"rendered":"<p>Krzy\u017canowska po zwolnieniu Marka Gawkowskiego w sierpniu ub.r. by\u0142a p.o. zast\u0119pc\u0105 dyrektora Jedynki. Teraz zarz\u0105d mianowa\u0142 j\u0105 na to stanowisko. Wcze\u015bniej by\u0142a specjalist\u0105 ds. ekonomicznych w Programie I Polskiego Radia.<\/p>\n<p>Anna Krzy\u017canowska jest drugim wicedyrektorem. Poza ni\u0105 funkcj\u0119 t\u0119 pe\u0142ni Beata Bia\u0142y, powo\u0142ana na to stanowisko pod koniec 2008 r.<\/p>\n","protected":false},"excerpt":{"rendered":"Anna Krzy\u017canowska zosta\u0142a powo\u0142ana na stanowisko zast\u0119pcy dyrektora ds. ekonomicznych Programu I Polskiego Radia.","protected":false},"author":1,"featured_media":42045,"comment_status":"open","ping_status":"closed","sticky":false,"template":"","format":"standard","meta":{"csco_display_header_overlay":false,"csco_singular_sidebar":"","csco_page_header_type":"","csco_page_load_nextpost":"","csco_post_video_location":[],"csco_post_video_location_hash":"","csco_post_video_url":"","csco_post_video_bg_start_time":0,"csco_post_video_bg_end_time":0,"footnotes":""},"categories":[9678],"tags":[405],"class_list":{"0":"post-42044","1":"post","2":"type-post","3":"status-publish","4":"format-standard","5":"has-post-thumbnail","7":"category-awanse","8":"tag-polskie-radio","9":"cs-entry","10":"cs-video-wrap"},"_links":{"self":[{"href":"https:\/\/mediarun.com\/pl\/wp-json\/wp\/v2\/posts\/42044","targetHints":{"allow":["GET"]}}],"collection":[{"href":"https:\/\/mediarun.com\/pl\/wp-json\/wp\/v2\/posts"}],"about":[{"href":"https:\/\/mediarun.com\/pl\/wp-json\/wp\/v2\/types\/post"}],"author":[{"embeddable":true,"href":"https:\/\/mediarun.com\/pl\/wp-json\/wp\/v2\/users\/1"}],"replies":[{"embeddable":true,"href":"https:\/\/mediarun.com\/pl\/wp-json\/wp\/v2\/comments?post=42044"}],"version-history":[{"count":0,"href":"https:\/\/mediarun.com\/pl\/wp-json\/wp\/v2\/posts\/42044\/revisions"}],"wp:featuredmedia":[{"embeddable":true,"href":"https:\/\/mediarun.com\/pl\/wp-json\/wp\/v2\/media\/42045"}],"wp:attachment":[{"href":"https:\/\/mediarun.com\/pl\/wp-json\/wp\/v2\/media?parent=42044"}],"wp:term":[{"taxonomy":"category","embeddable":true,"href":"https:\/\/mediarun.com\/pl\/wp-json\/wp\/v2\/categories?post=42044"},{"taxonomy":"post_tag","embeddable":true,"href":"https:\/\/mediarun.com\/pl\/wp-json\/wp\/v2\/tags?post=42044"}],"curies":[{"name":"wp","href":"https:\/\/api.w.org\/{rel}","templated":true}]}}