{"id":4097,"date":"2012-10-29T14:17:44","date_gmt":"2012-10-29T13:17:44","guid":{"rendered":"https:\/\/mediarun.com\/index.php\/news-posts\/wielki-test-o-telewizji-jednoczesnie-w-tvp-i-na-interia-pl\/"},"modified":"2012-10-29T14:17:44","modified_gmt":"2012-10-29T13:17:44","slug":"wielki-test-o-telewizji-jednoczesnie-w-tvp-i-na-interia-pl","status":"publish","type":"post","link":"https:\/\/mediarun.com\/pl\/media\/tv\/wielki-test-o-telewizji-jednoczesnie-w-tvp-i-na-interia-pl.html","title":{"rendered":"&#8222;Wielki Test o Telewizji&#8221; jednocze\u015bnie w TVP i na Interia.pl\u00a0"},"content":{"rendered":"<p>kt&oacute;rzy zechc\u0105 sprawdzi\u0107 swoj\u0105 wiedz\u0119 i zdoby\u0107 nagrody, mog\u0105 odpowiada\u0107 na pytania konkursowe na specjalnej stronie portalu Interia.pl.&nbsp;<\/p>\n<p>Ju\u017c po raz drugi Interia.pl zosta\u0142a partnerem TVP1 przy organizacji testu wiedzy dla widz&oacute;w i internaut&oacute;w &#8211; tym razem okazj\u0105 do wsp&oacute;\u0142pracy&nbsp; jest quiz z okazji 60-lecia telewizji publicznej. W studiu telewizyjnym na pytania dotycz\u0105ce historii srebrnego ekranu odpowiada\u0107 b\u0119d\u0105 znani aktorzy, prezenterzy, sportowcy i naukowcy. Natomiast przy swoich komputerach rywalizowa\u0107 b\u0119d\u0105 z nimi internauci, kt&oacute;rzy dok\u0142adnie w tym samym momencie b\u0119d\u0105 odpowiada\u0107 na te same pytania. B\u0119dzie to wi\u0119c wykorzystanie zjawiska &#8222;second screen&#8221; czyli r&oacute;wnoczesnego korzystania z dost\u0119pu do telewizji i Internetu.<\/p>\n<p>&#8211; Dodatkow\u0105 atrakcj\u0105 jest mo\u017cliwo\u015b\u0107&nbsp; wygrania ciekawych nagr&oacute;d, ufundowanych przez portal i TVP1. Premiowana b\u0119dzie zar&oacute;wno poprawno\u015b\u0107 odpowiedzi, jak i szybko\u015b\u0107 jej udzielenia &#8211; m&oacute;wi Tomasz S\u0142o\u0144, dyrektor dzia\u0142u Multimedia i Rozrywka Interaktywna w Interia.pl, odpowiedzialny za projekt.<\/p>\n","protected":false},"excerpt":{"rendered":"Z okazji 60. rocznicy powstania telewizji publicznej, w poniedzia\u0142ek, 29 pa\u017adziernika, o godz. 20:20, na antenie TVP1 rozpocznie si\u0119 &#8222;Wielki Test o Telewizji&#8221;. R&oacute;wnolegle internauci&#8230;","protected":false},"author":1,"featured_media":4098,"comment_status":"open","ping_status":"closed","sticky":false,"template":"","format":"standard","meta":{"csco_display_header_overlay":false,"csco_singular_sidebar":"","csco_page_header_type":"","csco_page_load_nextpost":"","csco_post_video_location":[],"csco_post_video_location_hash":"","csco_post_video_url":"","csco_post_video_bg_start_time":0,"csco_post_video_bg_end_time":0,"footnotes":""},"categories":[9670],"tags":[442,392],"class_list":{"0":"post-4097","1":"post","2":"type-post","3":"status-publish","4":"format-standard","5":"has-post-thumbnail","7":"category-tv","8":"tag-interia-pl","9":"tag-tvp","10":"cs-entry","11":"cs-video-wrap"},"_links":{"self":[{"href":"https:\/\/mediarun.com\/pl\/wp-json\/wp\/v2\/posts\/4097","targetHints":{"allow":["GET"]}}],"collection":[{"href":"https:\/\/mediarun.com\/pl\/wp-json\/wp\/v2\/posts"}],"about":[{"href":"https:\/\/mediarun.com\/pl\/wp-json\/wp\/v2\/types\/post"}],"author":[{"embeddable":true,"href":"https:\/\/mediarun.com\/pl\/wp-json\/wp\/v2\/users\/1"}],"replies":[{"embeddable":true,"href":"https:\/\/mediarun.com\/pl\/wp-json\/wp\/v2\/comments?post=4097"}],"version-history":[{"count":0,"href":"https:\/\/mediarun.com\/pl\/wp-json\/wp\/v2\/posts\/4097\/revisions"}],"wp:featuredmedia":[{"embeddable":true,"href":"https:\/\/mediarun.com\/pl\/wp-json\/wp\/v2\/media\/4098"}],"wp:attachment":[{"href":"https:\/\/mediarun.com\/pl\/wp-json\/wp\/v2\/media?parent=4097"}],"wp:term":[{"taxonomy":"category","embeddable":true,"href":"https:\/\/mediarun.com\/pl\/wp-json\/wp\/v2\/categories?post=4097"},{"taxonomy":"post_tag","embeddable":true,"href":"https:\/\/mediarun.com\/pl\/wp-json\/wp\/v2\/tags?post=4097"}],"curies":[{"name":"wp","href":"https:\/\/api.w.org\/{rel}","templated":true}]}}