{"id":40511,"date":"2009-02-20T14:20:06","date_gmt":"2009-02-20T13:20:06","guid":{"rendered":"https:\/\/mediarun.com\/index.php\/news-posts\/nowa-seria-malej-czarnej-od-marca\/"},"modified":"2009-02-20T14:20:06","modified_gmt":"2009-02-20T13:20:06","slug":"nowa-seria-malej-czarnej-od-marca","status":"publish","type":"post","link":"https:\/\/mediarun.com\/pl\/media\/tv\/nowa-seria-malej-czarnej-od-marca.html","title":{"rendered":"Nowa seria &#8222;Ma\u0142ej czarnej&#8221; od marca"},"content":{"rendered":"<p>Prowadz\u0105ce zaprosz\u0105 widz&oacute;w na rozmowy o rodzinie, mi\u0142o\u015bci, nami\u0119tno\u015bciach, ludzkich s\u0142abo\u015bciach i relacjach mi\u0119dzy lud\u017ami. Go\u015b\u0107mi nowych odcink&oacute;w zostan\u0105 m.in. Ma\u0142gorzata Potocka, Ewa Woydy\u0142\u0142o, Ewa Kasprzyk i Piotr Najsztub.<\/p>\n<p>Program, wraz Katarzyn\u0105 Montgomery, poprowadz\u0105 Katarzyna Lengren, Agnieszka Maci\u0105g, Zuza Ziomecka, Beata Kawka, Barbara Stanis\u0142awczyk i Paulina Reiter.<\/p>\n<p>Now\u0105 seri\u0119 &#8222;Ma\u0142ej czarnej&#8221; b\u0119dzie mo\u017cna ogl\u0105da\u0107 w TV4 od poniedzia\u0142ku do czwartku o godz. 17.00. 8 marca br. stacja zaprosi widz&oacute;w na specjalne wydanie na \u017cywo.<\/p>\n","protected":false},"excerpt":{"rendered":"2 marca br. Czw&oacute;rka rozpocznie emisj\u0119 nowej serii programu &#8222;Ma\u0142a Czarna&#8221;.","protected":false},"author":1,"featured_media":40512,"comment_status":"open","ping_status":"closed","sticky":false,"template":"","format":"standard","meta":{"csco_display_header_overlay":false,"csco_singular_sidebar":"","csco_page_header_type":"","csco_page_load_nextpost":"","csco_post_video_location":[],"csco_post_video_location_hash":"","csco_post_video_url":"","csco_post_video_bg_start_time":0,"csco_post_video_bg_end_time":0,"footnotes":""},"categories":[9670],"tags":[1162],"class_list":{"0":"post-40511","1":"post","2":"type-post","3":"status-publish","4":"format-standard","5":"has-post-thumbnail","7":"category-tv","8":"tag-czworka","9":"cs-entry","10":"cs-video-wrap"},"_links":{"self":[{"href":"https:\/\/mediarun.com\/pl\/wp-json\/wp\/v2\/posts\/40511","targetHints":{"allow":["GET"]}}],"collection":[{"href":"https:\/\/mediarun.com\/pl\/wp-json\/wp\/v2\/posts"}],"about":[{"href":"https:\/\/mediarun.com\/pl\/wp-json\/wp\/v2\/types\/post"}],"author":[{"embeddable":true,"href":"https:\/\/mediarun.com\/pl\/wp-json\/wp\/v2\/users\/1"}],"replies":[{"embeddable":true,"href":"https:\/\/mediarun.com\/pl\/wp-json\/wp\/v2\/comments?post=40511"}],"version-history":[{"count":0,"href":"https:\/\/mediarun.com\/pl\/wp-json\/wp\/v2\/posts\/40511\/revisions"}],"wp:featuredmedia":[{"embeddable":true,"href":"https:\/\/mediarun.com\/pl\/wp-json\/wp\/v2\/media\/40512"}],"wp:attachment":[{"href":"https:\/\/mediarun.com\/pl\/wp-json\/wp\/v2\/media?parent=40511"}],"wp:term":[{"taxonomy":"category","embeddable":true,"href":"https:\/\/mediarun.com\/pl\/wp-json\/wp\/v2\/categories?post=40511"},{"taxonomy":"post_tag","embeddable":true,"href":"https:\/\/mediarun.com\/pl\/wp-json\/wp\/v2\/tags?post=40511"}],"curies":[{"name":"wp","href":"https:\/\/api.w.org\/{rel}","templated":true}]}}