{"id":40463,"date":"2009-02-23T13:15:55","date_gmt":"2009-02-23T12:15:55","guid":{"rendered":"https:\/\/mediarun.com\/index.php\/news-posts\/tvp-i-tvn-zorganizuja-swoje-sopockie-festiwale\/"},"modified":"2009-02-23T13:15:55","modified_gmt":"2009-02-23T12:15:55","slug":"tvp-i-tvn-zorganizuja-swoje-sopockie-festiwale","status":"publish","type":"post","link":"https:\/\/mediarun.com\/pl\/media\/tv\/tvp-i-tvn-zorganizuja-swoje-sopockie-festiwale.html","title":{"rendered":"TVP i TVN zorganizuj\u0105 swoje sopockie festiwale"},"content":{"rendered":"<p>Dw&oacute;jkowy festiwal, podobnie jak przed rokiem, powstanie przy wsp&oacute;\u0142pracy z Radiem Eska. Dwudniowa impreza wy\u0142oni dwie najpopularniejsze piosenki, kt&oacute;re uzyskaj\u0105 tytu\u0142y polskiego i zagranicznego hitu lata.<\/p>\n<p>Pierwsz\u0105 edycj\u0119 Sopot Hit Festiwalu TVP2 przygotowa\u0142a w sierpniu 2008 r. Wcze\u015bniej, w latach 1994-2004, publiczny nadawca by\u0142 organizatorem Sopot Festivalu, do kt&oacute;rego prawa w 2005 r. przej\u0119\u0142a telewizja TVN.<\/p>\n","protected":false},"excerpt":{"rendered":"W sierpniu br. TVP po raz drugi zorganizuje Sopot Hit Festiwal. W tym samym miesi\u0105cu swoj\u0105 sopock\u0105 imprez\u0119 przygotuje TVN.","protected":false},"author":1,"featured_media":40464,"comment_status":"open","ping_status":"closed","sticky":false,"template":"","format":"standard","meta":{"csco_display_header_overlay":false,"csco_singular_sidebar":"","csco_page_header_type":"","csco_page_load_nextpost":"","csco_post_video_location":[],"csco_post_video_location_hash":"","csco_post_video_url":"","csco_post_video_bg_start_time":0,"csco_post_video_bg_end_time":0,"footnotes":""},"categories":[9670],"tags":[98,392],"class_list":{"0":"post-40463","1":"post","2":"type-post","3":"status-publish","4":"format-standard","5":"has-post-thumbnail","7":"category-tv","8":"tag-tvn","9":"tag-tvp","10":"cs-entry","11":"cs-video-wrap"},"_links":{"self":[{"href":"https:\/\/mediarun.com\/pl\/wp-json\/wp\/v2\/posts\/40463","targetHints":{"allow":["GET"]}}],"collection":[{"href":"https:\/\/mediarun.com\/pl\/wp-json\/wp\/v2\/posts"}],"about":[{"href":"https:\/\/mediarun.com\/pl\/wp-json\/wp\/v2\/types\/post"}],"author":[{"embeddable":true,"href":"https:\/\/mediarun.com\/pl\/wp-json\/wp\/v2\/users\/1"}],"replies":[{"embeddable":true,"href":"https:\/\/mediarun.com\/pl\/wp-json\/wp\/v2\/comments?post=40463"}],"version-history":[{"count":0,"href":"https:\/\/mediarun.com\/pl\/wp-json\/wp\/v2\/posts\/40463\/revisions"}],"wp:featuredmedia":[{"embeddable":true,"href":"https:\/\/mediarun.com\/pl\/wp-json\/wp\/v2\/media\/40464"}],"wp:attachment":[{"href":"https:\/\/mediarun.com\/pl\/wp-json\/wp\/v2\/media?parent=40463"}],"wp:term":[{"taxonomy":"category","embeddable":true,"href":"https:\/\/mediarun.com\/pl\/wp-json\/wp\/v2\/categories?post=40463"},{"taxonomy":"post_tag","embeddable":true,"href":"https:\/\/mediarun.com\/pl\/wp-json\/wp\/v2\/tags?post=40463"}],"curies":[{"name":"wp","href":"https:\/\/api.w.org\/{rel}","templated":true}]}}