{"id":40385,"date":"2009-02-25T09:32:33","date_gmt":"2009-02-25T08:32:33","guid":{"rendered":"https:\/\/mediarun.com\/index.php\/news-posts\/w-telewizji-wiecej-ludzi-giertycha\/"},"modified":"2009-02-25T09:32:33","modified_gmt":"2009-02-25T08:32:33","slug":"w-telewizji-wiecej-ludzi-giertycha","status":"publish","type":"post","link":"https:\/\/mediarun.com\/pl\/media\/tv\/w-telewizji-wiecej-ludzi-giertycha.html","title":{"rendered":"W telewizji wi\u0119cej ludzi Giertycha"},"content":{"rendered":"<p>&#8211; Mam nadziej\u0119, \u017ce kurczy si\u0119 lista dzia\u0142aczy LPR, kt&oacute;rzy nie dostali jeszcze pracy w Telewizji Polskiej &#8211; ironizuje S\u0142awomir Siwek, zawieszony cz\u0142onek zarz\u0105du TVP.<\/p>\n<p>Wi\u0119cej na <a href=\"http:\/\/http:\/\/www.rzeczpospolita.pl\/\">http:\/\/www.rzeczpospolita.pl\/<\/a><\/p>\n","protected":false},"excerpt":{"rendered":"Prezes M\u0142odzie\u017cy Wszechpolskiej i asystentka Romana Giertycha zostali zatrudnieni na Woronicza.","protected":false},"author":1,"featured_media":40386,"comment_status":"open","ping_status":"closed","sticky":false,"template":"","format":"standard","meta":{"csco_display_header_overlay":false,"csco_singular_sidebar":"","csco_page_header_type":"","csco_page_load_nextpost":"","csco_post_video_location":[],"csco_post_video_location_hash":"","csco_post_video_url":"","csco_post_video_bg_start_time":0,"csco_post_video_bg_end_time":0,"footnotes":""},"categories":[9670],"tags":[392],"class_list":{"0":"post-40385","1":"post","2":"type-post","3":"status-publish","4":"format-standard","5":"has-post-thumbnail","7":"category-tv","8":"tag-tvp","9":"cs-entry","10":"cs-video-wrap"},"_links":{"self":[{"href":"https:\/\/mediarun.com\/pl\/wp-json\/wp\/v2\/posts\/40385","targetHints":{"allow":["GET"]}}],"collection":[{"href":"https:\/\/mediarun.com\/pl\/wp-json\/wp\/v2\/posts"}],"about":[{"href":"https:\/\/mediarun.com\/pl\/wp-json\/wp\/v2\/types\/post"}],"author":[{"embeddable":true,"href":"https:\/\/mediarun.com\/pl\/wp-json\/wp\/v2\/users\/1"}],"replies":[{"embeddable":true,"href":"https:\/\/mediarun.com\/pl\/wp-json\/wp\/v2\/comments?post=40385"}],"version-history":[{"count":0,"href":"https:\/\/mediarun.com\/pl\/wp-json\/wp\/v2\/posts\/40385\/revisions"}],"wp:featuredmedia":[{"embeddable":true,"href":"https:\/\/mediarun.com\/pl\/wp-json\/wp\/v2\/media\/40386"}],"wp:attachment":[{"href":"https:\/\/mediarun.com\/pl\/wp-json\/wp\/v2\/media?parent=40385"}],"wp:term":[{"taxonomy":"category","embeddable":true,"href":"https:\/\/mediarun.com\/pl\/wp-json\/wp\/v2\/categories?post=40385"},{"taxonomy":"post_tag","embeddable":true,"href":"https:\/\/mediarun.com\/pl\/wp-json\/wp\/v2\/tags?post=40385"}],"curies":[{"name":"wp","href":"https:\/\/api.w.org\/{rel}","templated":true}]}}